{"id":55193,"date":"2020-11-20T11:47:53","date_gmt":"2020-11-20T10:47:53","guid":{"rendered":"https:\/\/www.diabsite.de\/diabetes-weblog\/?p=55193"},"modified":"2020-11-21T20:58:27","modified_gmt":"2020-11-21T19:58:27","slug":"weltdiabetestag-am-14-november-2020","status":"publish","type":"post","link":"https:\/\/www.diabsite.de\/diabetes-weblog\/2020\/11\/20\/weltdiabetestag-am-14-november-2020\/","title":{"rendered":"Weltdiabetestag am 14. November 2020"},"content":{"rendered":"<p><a href=\"https:\/\/www.diabsite.de\/diabetes-weblog\/wp-content\/images\/diabetes\/blaue-freitage-gr.jpg\"><img loading=\"lazy\" decoding=\"async\" class=\"alignright\" src=\"https:\/\/www.diabsite.de\/diabetes-weblog\/wp-content\/images\/diabetes\/_blaue-freitage-gr.jpg\" width=\"150\" height=\"70\" alt=\"Blaue Freitage\" \/><\/a> Am 14.&nbsp;November war Weltdiabetestag. Das ist fast eine Woche her. Deshalb informieren engagierte Diabetiker\/innen heute, am 3.&nbsp;blauen Freitag im November wieder rund um den Diabetes mellitus. Gem\u00e4\u00df dem Motto des Tages: &#8222;Denke blau. Trage blau. Jeden Freitag im November.&#8220; ziehen sie blaue T-Shirts und Jeans an oder tragen den hellblauen Kreis&nbsp;&#8211; das Symbol f\u00fcr den Weltdiabetestag. Es vereint Menschen auf der ganzen Welt, die das Thema ins Bewusstsein der \u00d6ffentlichkeit bringen. Auf der DiabSite informieren wir beinahe t\u00e4glich \u00fcber die Stoffwechselkrankheit Diabetes. Tun Sie es heute ebenfalls! Hintergrundinfos zum <a href=\"https:\/\/www.diabsite.de\/aktionen\/weltdiabetestag\/weltdiabetestag.html\" target=\"_blank\" class=\"ds\" title=\"neues Fenster\" rel=\"noopener noreferrer\">Weltdiabetestag<\/a> stellen wir f\u00fcr Sie bereit. Was es mit den &#8222;Blauen Freitagen&#8220; auf sich hat, erfahren Sie in diesem <a href=\"https:\/\/www.diabsite.de\/diabetes-weblog\/2011\/10\/28\/weltdiabetestag-und-blue-fridays\/\" class=\"blog\">Diabetes-Weblog<\/a>. Wir w\u00fcnschen Ihnen einen sch\u00f6nen Blue Friday!<\/p>\n","protected":false},"excerpt":{"rendered":"<p>Am 14.&nbsp;November war Weltdiabetestag. Das ist fast eine Woche her. Deshalb informieren engagierte Diabetiker\/innen heute, am 3.&nbsp;blauen Freitag im November wieder rund um den Diabetes mellitus. Gem\u00e4\u00df dem Motto des Tages: &#8222;Denke blau. Trage blau. Jeden Freitag im November.&#8220; ziehen sie blaue T-Shirts und Jeans an oder tragen den hellblauen Kreis&nbsp;&#8211; das Symbol f\u00fcr den [&hellip;]<\/p>\n","protected":false},"author":4,"featured_media":0,"comment_status":"open","ping_status":"open","sticky":false,"template":"","format":"standard","meta":{"footnotes":""},"categories":[1],"tags":[],"_links":{"self":[{"href":"https:\/\/www.diabsite.de\/diabetes-weblog\/wp-json\/wp\/v2\/posts\/55193"}],"collection":[{"href":"https:\/\/www.diabsite.de\/diabetes-weblog\/wp-json\/wp\/v2\/posts"}],"about":[{"href":"https:\/\/www.diabsite.de\/diabetes-weblog\/wp-json\/wp\/v2\/types\/post"}],"author":[{"embeddable":true,"href":"https:\/\/www.diabsite.de\/diabetes-weblog\/wp-json\/wp\/v2\/users\/4"}],"replies":[{"embeddable":true,"href":"https:\/\/www.diabsite.de\/diabetes-weblog\/wp-json\/wp\/v2\/comments?post=55193"}],"version-history":[{"count":1,"href":"https:\/\/www.diabsite.de\/diabetes-weblog\/wp-json\/wp\/v2\/posts\/55193\/revisions"}],"predecessor-version":[{"id":55195,"href":"https:\/\/www.diabsite.de\/diabetes-weblog\/wp-json\/wp\/v2\/posts\/55193\/revisions\/55195"}],"wp:attachment":[{"href":"https:\/\/www.diabsite.de\/diabetes-weblog\/wp-json\/wp\/v2\/media?parent=55193"}],"wp:term":[{"taxonomy":"category","embeddable":true,"href":"https:\/\/www.diabsite.de\/diabetes-weblog\/wp-json\/wp\/v2\/categories?post=55193"},{"taxonomy":"post_tag","embeddable":true,"href":"https:\/\/www.diabsite.de\/diabetes-weblog\/wp-json\/wp\/v2\/tags?post=55193"}],"curies":[{"name":"wp","href":"https:\/\/api.w.org\/{rel}","templated":true}]}}