{"id":55137,"date":"2020-11-09T17:50:24","date_gmt":"2020-11-09T16:50:24","guid":{"rendered":"https:\/\/www.diabsite.de\/diabetes-weblog\/?p=55137"},"modified":"2020-11-09T21:13:56","modified_gmt":"2020-11-09T20:13:56","slug":"diabeteszahlen-steigen","status":"publish","type":"post","link":"https:\/\/www.diabsite.de\/diabetes-weblog\/2020\/11\/09\/diabeteszahlen-steigen\/","title":{"rendered":"Diabeteszahlen steigen"},"content":{"rendered":"<p><a href=\"https:\/\/www.diabsite.de\/aktuelles\/nachrichten\/2020\/201109.html\" target=\"_blank\" class=\"ds\" title=\"zur Nachricht (neues Fenster)\" rel=\"noopener noreferrer\"> <img loading=\"lazy\" decoding=\"async\" class=\"alignright\" src=\"https:\/\/www.diabsite.de\/diabetes-weblog\/wp-content\/images\/2020\/201109.jpg\" alt=\"Dr. Jens Kr\u00f6ger, Vorstandsvorsitzender von diabetesDE\" width=\"200\" height=\"180\" \/><\/a> Corona-Pandemie f\u00f6rdert Bewegungsmangel und \u00dcbergewicht: Jetzt mit individualisiertem Ern\u00e4hrungs- und Bewegungscoaching gegensteuern. Am 14.&nbsp;November ist Weltdiabetestag. Weltweit steigen die Diabeteszahlen, insbesondere Diabetes Typ&nbsp;2 ist auch in Deutschland eine Volkskrankheit. Mittlerweile sind etwa acht Millionen Menschen hierzulande erkrankt, inklusive einer Dunkelziffer von noch nicht diagnostizierten zwei Millionen Betroffenen. Hohe Risikofaktoren f\u00fcr die Diabetesentstehung beim Typ-2-Diabetes sind Bewegungsmangel und \u00dcbergewicht. Beide nehmen in der Bev\u00f6lkerung seit Beginn der Corona-Pandemie zu, wie aktuelle Umfragen zeigen. Diabetes und Adipositas wiederum erh\u00f6hen das Risiko f\u00fcr einen schweren Krankheitsverlauf bei COVID-19. Auf einer Online-Pressekonferenz am 10.&nbsp;November 2020 im Vorfeld des Weltdiabetestags erkl\u00e4rt Dr.&nbsp;med.&nbsp;Jens Kr\u00f6ger, Vorstandsvorsitzender von diabetesDE&nbsp;&#8211; Deutsche Diabetes-Hilfe, warum Menschen mit Diabetes Typ&nbsp;1 oder Typ&nbsp;2 gerade w\u00e4hrend der Pandemie weiterhin engen therapeutischen Kontakt zu ihrem Behandlungsteam ben\u00f6tigen. Dar\u00fcber hinaus er\u00f6rtert er, wie Betroffene gerade auch bei \u00dcbergewicht von einem individualisierten Coaching zu Ern\u00e4hrung und Bewegung unter Verwendung von CGM-Systemen profitieren k\u00f6nnen. Anmeldung zur Pressekonferenz unter: <a href=\"https:\/\/attendee.gotowebinar.com\/register\/46840705403263500\" target=\"_blank\" class=\"extern\" title=\"neues Fenster\" rel=\"noopener noreferrer\">https:\/\/attendee.gotowebinar.com\/register\/46840705403263500<\/a>. <a href=\"https:\/\/www.diabsite.de\/aktuelles\/nachrichten\/2020\/201109.html\" target=\"_blank\" class=\"ds\" title=\"zur Nachricht (neues Fenster)\" rel=\"noopener noreferrer\">Nachricht lesen<\/a><\/p>\n","protected":false},"excerpt":{"rendered":"<p>Corona-Pandemie f\u00f6rdert Bewegungsmangel und \u00dcbergewicht: Jetzt mit individualisiertem Ern\u00e4hrungs- und Bewegungscoaching gegensteuern. Am 14.&nbsp;November ist Weltdiabetestag. Weltweit steigen die Diabeteszahlen, insbesondere Diabetes Typ&nbsp;2 ist auch in Deutschland eine Volkskrankheit. Mittlerweile sind etwa acht Millionen Menschen hierzulande erkrankt, inklusive einer Dunkelziffer von noch nicht diagnostizierten zwei Millionen Betroffenen. Hohe Risikofaktoren f\u00fcr die Diabetesentstehung beim Typ-2-Diabetes sind [&hellip;]<\/p>\n","protected":false},"author":4,"featured_media":0,"comment_status":"open","ping_status":"open","sticky":false,"template":"","format":"standard","meta":{"footnotes":""},"categories":[2],"tags":[36,831,10294,10258,10685,588],"_links":{"self":[{"href":"https:\/\/www.diabsite.de\/diabetes-weblog\/wp-json\/wp\/v2\/posts\/55137"}],"collection":[{"href":"https:\/\/www.diabsite.de\/diabetes-weblog\/wp-json\/wp\/v2\/posts"}],"about":[{"href":"https:\/\/www.diabsite.de\/diabetes-weblog\/wp-json\/wp\/v2\/types\/post"}],"author":[{"embeddable":true,"href":"https:\/\/www.diabsite.de\/diabetes-weblog\/wp-json\/wp\/v2\/users\/4"}],"replies":[{"embeddable":true,"href":"https:\/\/www.diabsite.de\/diabetes-weblog\/wp-json\/wp\/v2\/comments?post=55137"}],"version-history":[{"count":1,"href":"https:\/\/www.diabsite.de\/diabetes-weblog\/wp-json\/wp\/v2\/posts\/55137\/revisions"}],"predecessor-version":[{"id":55141,"href":"https:\/\/www.diabsite.de\/diabetes-weblog\/wp-json\/wp\/v2\/posts\/55137\/revisions\/55141"}],"wp:attachment":[{"href":"https:\/\/www.diabsite.de\/diabetes-weblog\/wp-json\/wp\/v2\/media?parent=55137"}],"wp:term":[{"taxonomy":"category","embeddable":true,"href":"https:\/\/www.diabsite.de\/diabetes-weblog\/wp-json\/wp\/v2\/categories?post=55137"},{"taxonomy":"post_tag","embeddable":true,"href":"https:\/\/www.diabsite.de\/diabetes-weblog\/wp-json\/wp\/v2\/tags?post=55137"}],"curies":[{"name":"wp","href":"https:\/\/api.w.org\/{rel}","templated":true}]}}