{"id":55092,"date":"2020-10-30T17:52:56","date_gmt":"2020-10-30T16:52:56","guid":{"rendered":"https:\/\/www.diabsite.de\/diabetes-weblog\/?p=55092"},"modified":"2020-10-30T21:11:26","modified_gmt":"2020-10-30T20:11:26","slug":"corona-pandemie-fristen-fuer-bestimmte-verornungen-verlaengert","status":"publish","type":"post","link":"https:\/\/www.diabsite.de\/diabetes-weblog\/2020\/10\/30\/corona-pandemie-fristen-fuer-bestimmte-verornungen-verlaengert\/","title":{"rendered":"Corona-Pandemie: Fristen f\u00fcr bestimmte Verornungen verl\u00e4ngert"},"content":{"rendered":"<p><a href=\"https:\/\/www.diabsite.de\/aktuelles\/nachrichten\/2020\/201030.html\" target=\"_blank\" class=\"ds\" title=\"zur Nachricht (neues Fenster)\" rel=\"noopener noreferrer\"><img loading=\"lazy\" decoding=\"async\" class=\"alignright\" src=\"https:\/\/www.diabsite.de\/diabetes-weblog\/wp-content\/images\/2020\/201030.jpg\" width=\"200\" height=\"150\" alt=\"Corona-Virus\" \/><\/a> G-BA aktiviert bundeseinheitliche Sonderregeln f\u00fcr verordnete Leistungen: Angesichts der exponentiell steigenden Corona-Infektionszahlen in Deutschland hat der Gemeinsame Bundesausschuss&nbsp;(G-BA) heute weitere zeitlich befristete bundeseinheitliche Sonderregelungen bei \u00e4rztlich verordneten Leistungen aktiviert. Sie gelten bundeseinheitlich vom 2.&nbsp;November bis zum 31.&nbsp;Januar&nbsp;2021 und werden, je nachdem, wie sich das Pandemiegeschehen in Deutschland entwickelt, vom G-BA nochmals verl\u00e4ngert. Inhaltlich kn\u00fcpft der G-BA an die bereits aus den Fr\u00fchjahrsmonaten bew\u00e4hrten Ausnahmem\u00f6glichkeiten im Bereich der \u00e4rztlich verordneten Leistungen an. Die heute beschlossenen Regelungen erg\u00e4nzen insbesondere die bereits geltenden Sonderregelungen im Bereich der \u00e4rztlich verordneten Leistungen: telefonische Krankschreibung bei leichten Atemwegserkrankungen (Oktober&nbsp;2020) und Krankentransportfahrten von COVID-19-positiven Versicherten (seit Fr\u00fchjahr&nbsp;2020). <a href=\"https:\/\/www.diabsite.de\/aktuelles\/nachrichten\/2020\/201030.html\" target=\"_blank\" class=\"ds\" title=\"zur Nachricht (neues Fenster)\" rel=\"noopener noreferrer\">Nachricht lesen<\/a><\/p>\n","protected":false},"excerpt":{"rendered":"<p>G-BA aktiviert bundeseinheitliche Sonderregeln f\u00fcr verordnete Leistungen: Angesichts der exponentiell steigenden Corona-Infektionszahlen in Deutschland hat der Gemeinsame Bundesausschuss&nbsp;(G-BA) heute weitere zeitlich befristete bundeseinheitliche Sonderregelungen bei \u00e4rztlich verordneten Leistungen aktiviert. Sie gelten bundeseinheitlich vom 2.&nbsp;November bis zum 31.&nbsp;Januar&nbsp;2021 und werden, je nachdem, wie sich das Pandemiegeschehen in Deutschland entwickelt, vom G-BA nochmals verl\u00e4ngert. Inhaltlich kn\u00fcpft der [&hellip;]<\/p>\n","protected":false},"author":4,"featured_media":0,"comment_status":"open","ping_status":"open","sticky":false,"template":"","format":"standard","meta":{"footnotes":""},"categories":[2],"tags":[10673,10674,10294,10258,370],"_links":{"self":[{"href":"https:\/\/www.diabsite.de\/diabetes-weblog\/wp-json\/wp\/v2\/posts\/55092"}],"collection":[{"href":"https:\/\/www.diabsite.de\/diabetes-weblog\/wp-json\/wp\/v2\/posts"}],"about":[{"href":"https:\/\/www.diabsite.de\/diabetes-weblog\/wp-json\/wp\/v2\/types\/post"}],"author":[{"embeddable":true,"href":"https:\/\/www.diabsite.de\/diabetes-weblog\/wp-json\/wp\/v2\/users\/4"}],"replies":[{"embeddable":true,"href":"https:\/\/www.diabsite.de\/diabetes-weblog\/wp-json\/wp\/v2\/comments?post=55092"}],"version-history":[{"count":1,"href":"https:\/\/www.diabsite.de\/diabetes-weblog\/wp-json\/wp\/v2\/posts\/55092\/revisions"}],"predecessor-version":[{"id":55094,"href":"https:\/\/www.diabsite.de\/diabetes-weblog\/wp-json\/wp\/v2\/posts\/55092\/revisions\/55094"}],"wp:attachment":[{"href":"https:\/\/www.diabsite.de\/diabetes-weblog\/wp-json\/wp\/v2\/media?parent=55092"}],"wp:term":[{"taxonomy":"category","embeddable":true,"href":"https:\/\/www.diabsite.de\/diabetes-weblog\/wp-json\/wp\/v2\/categories?post=55092"},{"taxonomy":"post_tag","embeddable":true,"href":"https:\/\/www.diabsite.de\/diabetes-weblog\/wp-json\/wp\/v2\/tags?post=55092"}],"curies":[{"name":"wp","href":"https:\/\/api.w.org\/{rel}","templated":true}]}}