{"id":55066,"date":"2020-10-25T15:46:22","date_gmt":"2020-10-25T14:46:22","guid":{"rendered":"https:\/\/www.diabsite.de\/diabetes-weblog\/?p=55066"},"modified":"2020-10-28T21:27:52","modified_gmt":"2020-10-28T20:27:52","slug":"ich-habe-corona-und-typ-1-diabetes","status":"publish","type":"post","link":"https:\/\/www.diabsite.de\/diabetes-weblog\/2020\/10\/25\/ich-habe-corona-und-typ-1-diabetes\/","title":{"rendered":"&#8222;Ich habe &#8218;Corona&#8216; und Typ-1-Diabetes&#8220;"},"content":{"rendered":"<p><a href=\"https:\/\/www.diabsite.de\/index.html#diabetes-typ-1\" target=\"_blank\" class=\"ds\" title=\"neues Fenster\" rel=\"noopener noreferrer\"><img loading=\"lazy\" decoding=\"async\" class=\"alignright\" src=\"https:\/\/www.diabsite.de\/diabetes-weblog\/wp-content\/images\/diabetes\/diabetes-typ-1.jpg\" width=\"200\" height=\"127\" alt=\"Typ-1-Diabetes\" \/><\/a> &#8222;Anja R. war weltweit einer der ersten beschriebenen F\u00e4lle einer Typ-1-Diabetes-Patientin, die an COVID-19 erkrankte. Im Interview berichtet sie \u00fcber ihre pers\u00f6nlichen Erfahrungen, die sie w\u00e4hrend der Infektionserkrankung gemacht hat. Klar ist aber nat\u00fcrlich: Der Verlauf der Erkrankung ist bei jedem Menschen unterschiedlich!&#8220; Das Interview ist in gek\u00fcrzter Form im Diabetes-Journal erschienen. Der vollst\u00e4ndige Beitrag wurde erstmals Ende M\u00e4rz auf dem Online-Portal <a href=\"https:\/\/www.blood-sugar-lounge.de\/2020\/03\/ich-habe-corona-und-typ-1-diabetes\/\" target=\"_blank\" class=\"extern\" title=\"neues Fenster\" rel=\"noopener noreferrer\">Blood Sugar Lounge<\/a> ver\u00f6ffentlicht. Mehr erfahren Sie unter: <a href=\"https:\/\/www.diabetes-online.de\/a\/interview-ich-habe-corona-und-typ-diabetes-2202971\" target=\"_blank\" class=\"extern\" title=\"neues Fenster\" rel=\"noopener noreferrer\">diabetes-online<\/a>. Diesen Beitrag hat das <a href=\"https:\/\/www.diabsite.de\/index.html#diabetes-typ-1\" target=\"_blank\" class=\"ds\" title=\"neues Fenster\" rel=\"noopener noreferrer\">Diabetes-Portal DiabSite<\/a> f\u00fcr Sie aus dem Netz gefischt.<\/p>\n","protected":false},"excerpt":{"rendered":"<p>&#8222;Anja R. war weltweit einer der ersten beschriebenen F\u00e4lle einer Typ-1-Diabetes-Patientin, die an COVID-19 erkrankte. Im Interview berichtet sie \u00fcber ihre pers\u00f6nlichen Erfahrungen, die sie w\u00e4hrend der Infektionserkrankung gemacht hat. Klar ist aber nat\u00fcrlich: Der Verlauf der Erkrankung ist bei jedem Menschen unterschiedlich!&#8220; Das Interview ist in gek\u00fcrzter Form im Diabetes-Journal erschienen. Der vollst\u00e4ndige Beitrag [&hellip;]<\/p>\n","protected":false},"author":4,"featured_media":0,"comment_status":"open","ping_status":"open","sticky":false,"template":"","format":"standard","meta":{"footnotes":""},"categories":[1],"tags":[10313,10258,10666,394],"_links":{"self":[{"href":"https:\/\/www.diabsite.de\/diabetes-weblog\/wp-json\/wp\/v2\/posts\/55066"}],"collection":[{"href":"https:\/\/www.diabsite.de\/diabetes-weblog\/wp-json\/wp\/v2\/posts"}],"about":[{"href":"https:\/\/www.diabsite.de\/diabetes-weblog\/wp-json\/wp\/v2\/types\/post"}],"author":[{"embeddable":true,"href":"https:\/\/www.diabsite.de\/diabetes-weblog\/wp-json\/wp\/v2\/users\/4"}],"replies":[{"embeddable":true,"href":"https:\/\/www.diabsite.de\/diabetes-weblog\/wp-json\/wp\/v2\/comments?post=55066"}],"version-history":[{"count":9,"href":"https:\/\/www.diabsite.de\/diabetes-weblog\/wp-json\/wp\/v2\/posts\/55066\/revisions"}],"predecessor-version":[{"id":55074,"href":"https:\/\/www.diabsite.de\/diabetes-weblog\/wp-json\/wp\/v2\/posts\/55066\/revisions\/55074"}],"wp:attachment":[{"href":"https:\/\/www.diabsite.de\/diabetes-weblog\/wp-json\/wp\/v2\/media?parent=55066"}],"wp:term":[{"taxonomy":"category","embeddable":true,"href":"https:\/\/www.diabsite.de\/diabetes-weblog\/wp-json\/wp\/v2\/categories?post=55066"},{"taxonomy":"post_tag","embeddable":true,"href":"https:\/\/www.diabsite.de\/diabetes-weblog\/wp-json\/wp\/v2\/tags?post=55066"}],"curies":[{"name":"wp","href":"https:\/\/api.w.org\/{rel}","templated":true}]}}