{"id":55044,"date":"2020-10-20T16:39:31","date_gmt":"2020-10-20T14:39:31","guid":{"rendered":"https:\/\/www.diabsite.de\/diabetes-weblog\/?p=55044"},"modified":"2020-10-20T20:50:19","modified_gmt":"2020-10-20T18:50:19","slug":"weltdiabetestag-digital-unter-der-schirmherrschaft-von-jens-spahn","status":"publish","type":"post","link":"https:\/\/www.diabsite.de\/diabetes-weblog\/2020\/10\/20\/weltdiabetestag-digital-unter-der-schirmherrschaft-von-jens-spahn\/","title":{"rendered":"Weltdiabetestag digital unter der Schirmherrschaft von Jens Spahn"},"content":{"rendered":"<p><a href=\"https:\/\/www.diabsite.de\/aktuelles\/nachrichten\/2020\/201020.html\" target=\"_blank\" class=\"ds\" title=\"zur Nachricht (neues Fenster)\" rel=\"noopener noreferrer\"><img loading=\"lazy\" decoding=\"async\" class=\"alignright\" src=\"https:\/\/www.diabsite.de\/diabetes-weblog\/wp-content\/images\/2020\/201020-jens-spahn.jpg\" width=\"150\" height=\"177\" alt=\"Bundesgesundheitsminister Jens Spahn\" \/><\/a> Am 14. November 2020 auf der Website von diabetesDE: Seit 2009 richtet die gemeinn\u00fctzige Organisation diabetesDE&nbsp;&#8211; Deutsche Diabetes-Hilfe unter der Schirmherrschaft des Bundesgesundheitsministeriums die Zentrale Patientenveranstaltung zum Weltdiabetestag am 14.&nbsp;November aus. Aufgrund der Corona-Krise findet die Veranstaltung f\u00fcr Betroffene, Angeh\u00f6rige und Interessierte dieses Jahr digital statt. <img loading=\"lazy\" decoding=\"async\" class=\"alignleft\" src=\"https:\/\/www.diabsite.de\/diabetes-weblog\/wp-content\/images\/2020\/201020-nicole-mattig-fabian.jpg\" width=\"150\" height=\"177\" alt=\"Nicole Mattig-Fabian, Gesch\u00e4ftsf\u00fchrerin von diabetesDE\" \/> &#8222;In den letzten Monaten haben wir ein digitales Konzept f\u00fcr den diesj\u00e4hrigen Weltdiabetestag erarbeitet. Wir freuen uns auf Videos zu vielen Themen rund um den Diabetes sowie auf einen Livestream mit spannenden Vortr\u00e4gen&#8220;, sagt Nicole Mattig-Fabian, Gesch\u00e4ftsf\u00fchrerin von diabetesDE&nbsp;&#8211; Deutsche Diabetes-Hilfe. Die Online-Veranstaltung zum Weltdiabetestag&nbsp;2020 wird vom Bundesministerium f\u00fcr Gesundheit&nbsp;(BMG) gef\u00f6rdert. <a href=\"https:\/\/www.diabsite.de\/aktuelles\/nachrichten\/2020\/201020.html\" target=\"_blank\" class=\"ds\" title=\"zur Nachricht (neues Fenster)\" rel=\"noopener noreferrer\">Nachricht lesen<\/a><\/p>\n","protected":false},"excerpt":{"rendered":"<p>Am 14. November 2020 auf der Website von diabetesDE: Seit 2009 richtet die gemeinn\u00fctzige Organisation diabetesDE&nbsp;&#8211; Deutsche Diabetes-Hilfe unter der Schirmherrschaft des Bundesgesundheitsministeriums die Zentrale Patientenveranstaltung zum Weltdiabetestag am 14.&nbsp;November aus. Aufgrund der Corona-Krise findet die Veranstaltung f\u00fcr Betroffene, Angeh\u00f6rige und Interessierte dieses Jahr digital statt. &#8222;In den letzten Monaten haben wir ein digitales Konzept [&hellip;]<\/p>\n","protected":false},"author":4,"featured_media":0,"comment_status":"open","ping_status":"open","sticky":false,"template":"","format":"standard","meta":{"footnotes":""},"categories":[2],"tags":[10659,10277,369,9941,10658],"_links":{"self":[{"href":"https:\/\/www.diabsite.de\/diabetes-weblog\/wp-json\/wp\/v2\/posts\/55044"}],"collection":[{"href":"https:\/\/www.diabsite.de\/diabetes-weblog\/wp-json\/wp\/v2\/posts"}],"about":[{"href":"https:\/\/www.diabsite.de\/diabetes-weblog\/wp-json\/wp\/v2\/types\/post"}],"author":[{"embeddable":true,"href":"https:\/\/www.diabsite.de\/diabetes-weblog\/wp-json\/wp\/v2\/users\/4"}],"replies":[{"embeddable":true,"href":"https:\/\/www.diabsite.de\/diabetes-weblog\/wp-json\/wp\/v2\/comments?post=55044"}],"version-history":[{"count":7,"href":"https:\/\/www.diabsite.de\/diabetes-weblog\/wp-json\/wp\/v2\/posts\/55044\/revisions"}],"predecessor-version":[{"id":55051,"href":"https:\/\/www.diabsite.de\/diabetes-weblog\/wp-json\/wp\/v2\/posts\/55044\/revisions\/55051"}],"wp:attachment":[{"href":"https:\/\/www.diabsite.de\/diabetes-weblog\/wp-json\/wp\/v2\/media?parent=55044"}],"wp:term":[{"taxonomy":"category","embeddable":true,"href":"https:\/\/www.diabsite.de\/diabetes-weblog\/wp-json\/wp\/v2\/categories?post=55044"},{"taxonomy":"post_tag","embeddable":true,"href":"https:\/\/www.diabsite.de\/diabetes-weblog\/wp-json\/wp\/v2\/tags?post=55044"}],"curies":[{"name":"wp","href":"https:\/\/api.w.org\/{rel}","templated":true}]}}