{"id":54915,"date":"2020-09-04T17:05:34","date_gmt":"2020-09-04T15:05:34","guid":{"rendered":"https:\/\/www.diabsite.de\/diabetes-weblog\/?p=54915"},"modified":"2020-09-04T22:07:54","modified_gmt":"2020-09-04T20:07:54","slug":"diabetes-als-folge-von-covid-19","status":"publish","type":"post","link":"https:\/\/www.diabsite.de\/diabetes-weblog\/2020\/09\/04\/diabetes-als-folge-von-covid-19\/","title":{"rendered":"Diabetes als Folge von COVID-19"},"content":{"rendered":"<p>Ein Forschungsteam unter Beteiligung des Exzellenzclusters PMI hat gezeigt, dass das Coronavirus SARS-CoV-2 auch die Bauchspeicheldr\u00fcse sch\u00e4digen kann: Das Coronavirus SARS-CoV-2, Ausl\u00f6ser der COVID-19 Erkrankung, kann in viele verschiedene K\u00f6rperzellen eindringen. Das haben mehrere Forschungsarbeiten in den vergangenen Wochen gezeigt. Dadurch kann nicht nur die Funktion der Atemwege und der Lunge, sondern auch mehrerer anderer Organe empfindlich gest\u00f6rt werden. Das SARS-CoV-2&nbsp;Virus kann auch in die sogenannten Betazellen in der Bauchspeicheldr\u00fcse eindringen und diese sch\u00e4digen, wie ein Forschungsteam unter Beteiligung des Exzellenzclusters &#8222;Precision Medicine in Chronic Inflammation&#8220; nun erstmalig beobachtete. Diese Zellen sind daf\u00fcr zust\u00e4ndig, das f\u00fcr einen gesunden Stoffwechsel n\u00f6tige Insulin zu produzieren. Eine SARS-CoV-2-Infektion kann diese Funktion offenbar st\u00f6ren, was in der Folge zu Diabetes f\u00fchrt. Die Beobachtungen hat Professor Matthias Laudes, Schleswig-Holstein Excellence-Chair f\u00fcr Endokrinologie, Diabetologie und klinische Ern\u00e4hrung an der Christian-Albrechts-Universit\u00e4t zu Kiel&nbsp;(CAU), und sein Forschungsteam der Klinik f\u00fcr Innere Medizin&nbsp;I des Universit\u00e4tsklinikums Schleswig-Holstein&nbsp;(UKSH), Campus Kiel, gemeinsam mit Forschenden aus M\u00fcnchen und Dresden am Mittwoch den 2.&nbsp;September&nbsp;2020 in der renommierten Fachzeitschrift &#8222;Nature Metabolism&#8220; publiziert. <a href=\"https:\/\/www.diabsite.de\/aktuelles\/nachrichten\/2020\/200904.html\" target=\"_blank\" class=\"ds\" title=\"zur Nachricht (neues Fenster)\" rel=\"noopener noreferrer\">Nachricht lesen<\/a><\/p>\n","protected":false},"excerpt":{"rendered":"<p>Ein Forschungsteam unter Beteiligung des Exzellenzclusters PMI hat gezeigt, dass das Coronavirus SARS-CoV-2 auch die Bauchspeicheldr\u00fcse sch\u00e4digen kann: Das Coronavirus SARS-CoV-2, Ausl\u00f6ser der COVID-19 Erkrankung, kann in viele verschiedene K\u00f6rperzellen eindringen. Das haben mehrere Forschungsarbeiten in den vergangenen Wochen gezeigt. Dadurch kann nicht nur die Funktion der Atemwege und der Lunge, sondern auch mehrerer anderer [&hellip;]<\/p>\n","protected":false},"author":4,"featured_media":0,"comment_status":"open","ping_status":"open","sticky":false,"template":"","format":"standard","meta":{"footnotes":""},"categories":[2],"tags":[154,10272,10258,24,10595,145],"_links":{"self":[{"href":"https:\/\/www.diabsite.de\/diabetes-weblog\/wp-json\/wp\/v2\/posts\/54915"}],"collection":[{"href":"https:\/\/www.diabsite.de\/diabetes-weblog\/wp-json\/wp\/v2\/posts"}],"about":[{"href":"https:\/\/www.diabsite.de\/diabetes-weblog\/wp-json\/wp\/v2\/types\/post"}],"author":[{"embeddable":true,"href":"https:\/\/www.diabsite.de\/diabetes-weblog\/wp-json\/wp\/v2\/users\/4"}],"replies":[{"embeddable":true,"href":"https:\/\/www.diabsite.de\/diabetes-weblog\/wp-json\/wp\/v2\/comments?post=54915"}],"version-history":[{"count":1,"href":"https:\/\/www.diabsite.de\/diabetes-weblog\/wp-json\/wp\/v2\/posts\/54915\/revisions"}],"predecessor-version":[{"id":54916,"href":"https:\/\/www.diabsite.de\/diabetes-weblog\/wp-json\/wp\/v2\/posts\/54915\/revisions\/54916"}],"wp:attachment":[{"href":"https:\/\/www.diabsite.de\/diabetes-weblog\/wp-json\/wp\/v2\/media?parent=54915"}],"wp:term":[{"taxonomy":"category","embeddable":true,"href":"https:\/\/www.diabsite.de\/diabetes-weblog\/wp-json\/wp\/v2\/categories?post=54915"},{"taxonomy":"post_tag","embeddable":true,"href":"https:\/\/www.diabsite.de\/diabetes-weblog\/wp-json\/wp\/v2\/tags?post=54915"}],"curies":[{"name":"wp","href":"https:\/\/api.w.org\/{rel}","templated":true}]}}