{"id":54892,"date":"2020-08-29T17:18:30","date_gmt":"2020-08-29T15:18:30","guid":{"rendered":"https:\/\/www.diabsite.de\/diabetes-weblog\/?p=54892"},"modified":"2020-11-10T20:15:08","modified_gmt":"2020-11-10T19:15:08","slug":"ein-kuechentipp-zum-schulanfang-4","status":"publish","type":"post","link":"https:\/\/www.diabsite.de\/diabetes-weblog\/2020\/08\/29\/ein-kuechentipp-zum-schulanfang-4\/","title":{"rendered":"Ein K\u00fcchentipp zum Schulanfang"},"content":{"rendered":"<p><a href=\"https:\/\/www.diabsite.de\/ernaehrung\/kuechentipps\/schulfruehstueck.html\" target=\"_blank\" class=\"ds\" title=\"neues Fenster\" rel=\"noopener noreferrer\"><img loading=\"lazy\" decoding=\"async\" class=\"alignright\" src=\"https:\/\/www.diabsite.de\/diabetes-weblog\/wp-content\/images\/2020\/200829-schultuete.jpg\" width=\"200\" height=\"286\" alt=\"Schult\u00fcte\" \/><\/a> Au\u00dfer in Bayern und Baden-W\u00fcrttemberg sind die Sommerferien schon Geschichte. Es ist daher wieder an der Zeit, sich mit dem Thema &#8222;Schulfr\u00fchst\u00fcck&#8220; zu besch\u00e4ftigen. Schlie\u00dflich wird den Sch\u00fclern &#8211;&nbsp;vom I-D\u00f6tzchen bis zum Abiturienten&nbsp;&#8211; immer mehr abverlangt. Da spielt das Fr\u00fchst\u00fcck eine wichtige Rolle. Mittlerweile steht fest, dass die richtige Ern\u00e4hrung f\u00fcr die geistige Leistung ebenso wichtige ist wie f\u00fcr die k\u00f6rperliche. Ihre Bedeutung wird oft untersch\u00e4tzt. Denn Sch\u00fcler\/innen, die regelm\u00e4\u00dfig fr\u00fchst\u00fccken, haben meist die besseren Noten. Wie ein gesundes Fr\u00fchst\u00fcck und der passende Pausensnack aussehen sollten, erfahren Sie unter: <a href=\"https:\/\/www.diabsite.de\/ernaehrung\/kuechentipps\/schulfruehstueck.html\" target=\"_blank\" class=\"ds\" title=\"neues Fenster\" rel=\"noopener noreferrer\">Mehr Power mit dem richtigen Schulfr\u00fchst\u00fcck<\/a> in den <a href=\"https:\/\/www.diabsite.de\/ernaehrung\/kuechentipps\/index.html\" target=\"_blank\" class=\"extern\" title=\"neues Fenster\" rel=\"noopener noreferrer\">K\u00fcchentipps<\/a> des Diabetes-Portals DiabSite. Lesen Sie jetzt, warum Sch\u00fcler, die gefr\u00fchst\u00fcckt haben, sich oft besser konzentrieren k\u00f6nnen. Eine gesunde Ern\u00e4hrung und viel Bewegung sind \u00fcbrigens auch f\u00fcr Kinder ohne Diabetes vorteilhaft. Wir w\u00fcnschen allen Kindern viel Spa\u00df und Erfolg in der Schule!<\/p>\n","protected":false},"excerpt":{"rendered":"<p>Au\u00dfer in Bayern und Baden-W\u00fcrttemberg sind die Sommerferien schon Geschichte. Es ist daher wieder an der Zeit, sich mit dem Thema &#8222;Schulfr\u00fchst\u00fcck&#8220; zu besch\u00e4ftigen. Schlie\u00dflich wird den Sch\u00fclern &#8211;&nbsp;vom I-D\u00f6tzchen bis zum Abiturienten&nbsp;&#8211; immer mehr abverlangt. Da spielt das Fr\u00fchst\u00fcck eine wichtige Rolle. Mittlerweile steht fest, dass die richtige Ern\u00e4hrung f\u00fcr die geistige Leistung ebenso [&hellip;]<\/p>\n","protected":false},"author":4,"featured_media":0,"comment_status":"open","ping_status":"open","sticky":false,"template":"","format":"standard","meta":{"footnotes":""},"categories":[1],"tags":[24,899,668,4170,5313,2051,5208],"_links":{"self":[{"href":"https:\/\/www.diabsite.de\/diabetes-weblog\/wp-json\/wp\/v2\/posts\/54892"}],"collection":[{"href":"https:\/\/www.diabsite.de\/diabetes-weblog\/wp-json\/wp\/v2\/posts"}],"about":[{"href":"https:\/\/www.diabsite.de\/diabetes-weblog\/wp-json\/wp\/v2\/types\/post"}],"author":[{"embeddable":true,"href":"https:\/\/www.diabsite.de\/diabetes-weblog\/wp-json\/wp\/v2\/users\/4"}],"replies":[{"embeddable":true,"href":"https:\/\/www.diabsite.de\/diabetes-weblog\/wp-json\/wp\/v2\/comments?post=54892"}],"version-history":[{"count":3,"href":"https:\/\/www.diabsite.de\/diabetes-weblog\/wp-json\/wp\/v2\/posts\/54892\/revisions"}],"predecessor-version":[{"id":55143,"href":"https:\/\/www.diabsite.de\/diabetes-weblog\/wp-json\/wp\/v2\/posts\/54892\/revisions\/55143"}],"wp:attachment":[{"href":"https:\/\/www.diabsite.de\/diabetes-weblog\/wp-json\/wp\/v2\/media?parent=54892"}],"wp:term":[{"taxonomy":"category","embeddable":true,"href":"https:\/\/www.diabsite.de\/diabetes-weblog\/wp-json\/wp\/v2\/categories?post=54892"},{"taxonomy":"post_tag","embeddable":true,"href":"https:\/\/www.diabsite.de\/diabetes-weblog\/wp-json\/wp\/v2\/tags?post=54892"}],"curies":[{"name":"wp","href":"https:\/\/api.w.org\/{rel}","templated":true}]}}