{"id":54870,"date":"2020-08-21T21:53:03","date_gmt":"2020-08-21T19:53:03","guid":{"rendered":"https:\/\/www.diabsite.de\/diabetes-weblog\/?p=54870"},"modified":"2020-08-21T21:53:03","modified_gmt":"2020-08-21T19:53:03","slug":"bewegungsmangel-ein-gesundheitlicher-risikofaktor","status":"publish","type":"post","link":"https:\/\/www.diabsite.de\/diabetes-weblog\/2020\/08\/21\/bewegungsmangel-ein-gesundheitlicher-risikofaktor\/","title":{"rendered":"Bewegungsmangel &#8211; Ein gesundheitlicher Risikofaktor"},"content":{"rendered":"<p>Diabetes mellitus Typ 2 und nicht-\u00fcbertragbare Krankheiten k\u00f6nnen die Folge&nbsp;sein: &#8222;Mangelnde k\u00f6rperliche Aktivit\u00e4t z\u00e4hlt global und national zu den bedeutendsten gesundheitlichen Risikofaktoren \u00fcberhaupt und r\u00fcckt zunehmend mehr in den gesundheitlichen und gesundheitspolitischen Fokus&#8220;, wei\u00df Prof.&nbsp;Dr.&nbsp;habil.&nbsp;Michael Tiemann, Professor f\u00fcr Sportwissenschaften an der SRH&nbsp;Hochschule f\u00fcr Gesundheit. Er publiziert zum Thema &#8222;Mangelnde k\u00f6rperliche Aktivit\u00e4t&nbsp;&#8211; Pr\u00e4valenz, Bedeutung und Implikationen f\u00fcr die Pr\u00e4vention und Gesundheitsf\u00f6rderung&#8220; aktuell im Springer Reference Pflege &#8211;&nbsp;Therapie&nbsp;&#8211; Gesundheit. Der Beitrag gibt LeserInnen einen zusammenfassenden \u00dcberblick \u00fcber die Pr\u00e4valenz k\u00f6rperlicher bzw. mangelnder k\u00f6rperlicher Aktivit\u00e4t in Deutschland, deren Bedeutung f\u00fcr die individuelle und \u00f6ffentliche Gesundheit (Public&nbsp;Health), damit verbundene wirtschaftliche Kosten sowie entsprechende Implikationen f\u00fcr die Pr\u00e4vention und Gesundheitsf\u00f6rderung. <a href=\"https:\/\/www.diabsite.de\/aktuelles\/nachrichten\/2020\/200821.html\" target=\"_blank\" class=\"ds\" title=\"zur Nachricht (neues Fenster)\" rel=\"noopener noreferrer\">Nachricht lesen<\/a><\/p>\n","protected":false},"excerpt":{"rendered":"<p>Diabetes mellitus Typ 2 und nicht-\u00fcbertragbare Krankheiten k\u00f6nnen die Folge&nbsp;sein: &#8222;Mangelnde k\u00f6rperliche Aktivit\u00e4t z\u00e4hlt global und national zu den bedeutendsten gesundheitlichen Risikofaktoren \u00fcberhaupt und r\u00fcckt zunehmend mehr in den gesundheitlichen und gesundheitspolitischen Fokus&#8220;, wei\u00df Prof.&nbsp;Dr.&nbsp;habil.&nbsp;Michael Tiemann, Professor f\u00fcr Sportwissenschaften an der SRH&nbsp;Hochschule f\u00fcr Gesundheit. Er publiziert zum Thema &#8222;Mangelnde k\u00f6rperliche Aktivit\u00e4t&nbsp;&#8211; Pr\u00e4valenz, Bedeutung und Implikationen [&hellip;]<\/p>\n","protected":false},"author":4,"featured_media":0,"comment_status":"open","ping_status":"open","sticky":false,"template":"","format":"standard","meta":{"footnotes":""},"categories":[2],"tags":[831,1541,10571,162],"_links":{"self":[{"href":"https:\/\/www.diabsite.de\/diabetes-weblog\/wp-json\/wp\/v2\/posts\/54870"}],"collection":[{"href":"https:\/\/www.diabsite.de\/diabetes-weblog\/wp-json\/wp\/v2\/posts"}],"about":[{"href":"https:\/\/www.diabsite.de\/diabetes-weblog\/wp-json\/wp\/v2\/types\/post"}],"author":[{"embeddable":true,"href":"https:\/\/www.diabsite.de\/diabetes-weblog\/wp-json\/wp\/v2\/users\/4"}],"replies":[{"embeddable":true,"href":"https:\/\/www.diabsite.de\/diabetes-weblog\/wp-json\/wp\/v2\/comments?post=54870"}],"version-history":[{"count":1,"href":"https:\/\/www.diabsite.de\/diabetes-weblog\/wp-json\/wp\/v2\/posts\/54870\/revisions"}],"predecessor-version":[{"id":54871,"href":"https:\/\/www.diabsite.de\/diabetes-weblog\/wp-json\/wp\/v2\/posts\/54870\/revisions\/54871"}],"wp:attachment":[{"href":"https:\/\/www.diabsite.de\/diabetes-weblog\/wp-json\/wp\/v2\/media?parent=54870"}],"wp:term":[{"taxonomy":"category","embeddable":true,"href":"https:\/\/www.diabsite.de\/diabetes-weblog\/wp-json\/wp\/v2\/categories?post=54870"},{"taxonomy":"post_tag","embeddable":true,"href":"https:\/\/www.diabsite.de\/diabetes-weblog\/wp-json\/wp\/v2\/tags?post=54870"}],"curies":[{"name":"wp","href":"https:\/\/api.w.org\/{rel}","templated":true}]}}