{"id":54824,"date":"2020-08-14T11:24:28","date_gmt":"2020-08-14T09:24:28","guid":{"rendered":"https:\/\/www.diabsite.de\/diabetes-weblog\/?p=54824"},"modified":"2020-08-15T00:20:32","modified_gmt":"2020-08-14T22:20:32","slug":"heute-in-drei-monaten-ist-weltdiabetestag","status":"publish","type":"post","link":"https:\/\/www.diabsite.de\/diabetes-weblog\/2020\/08\/14\/heute-in-drei-monaten-ist-weltdiabetestag\/","title":{"rendered":"Heute in drei Monaten ist Weltdiabetestag"},"content":{"rendered":"<p><a href=\"https:\/\/www.diabsite.de\/aktionen\/weltdiabetestag\/index.html\" target=\"_blank\" class=\"ds\" title=\"neues Fenster\" rel=\"noopener noreferrer\"><img loading=\"lazy\" decoding=\"async\" class=\"alignright\" src=\"https:\/\/www.diabsite.de\/diabetes-weblog\/wp-content\/images\/2020\/200814-weltdiabetestag-200.jpg\" width=\"200\" height=\"148\" alt=\"Weltdiabetestag 2020\" \/><\/a> Das unabh\u00e4ngige Diabetes-Portal DiabSite unterst\u00fctzt die Aktionen der Internationalen Diabetes-F\u00f6deration mit vielen Informationen. Sie m\u00f6chten wissen, was es mit diesem Tag auf sich hat? Unter: <a href=\"https:\/\/www.diabsite.de\/aktionen\/weltdiabetestag\/weltdiabetestag.html\" target=\"_blank\" class=\"ds\" title=\"neues Fenster\" rel=\"noopener noreferrer\">Das Wichtigste zum Weltdiabetestag<\/a> bieten wir die Antwort. Wer diesen Diabetes-Infotag unterst\u00fctzen m\u00f6chte &#8211;&nbsp;zum Beispiel mit einer eigenen Aktion&nbsp;&#8211; findet bei uns zahlreiche Anregungen zum Weltdiabetestag und den Blauen Freitagen unter: <a href=\"https:\/\/www.diabsite.de\/aktionen\/weltdiabetestag\/index.html\" target=\"_blank\" class=\"ds\" title=\"neues Fenster\" rel=\"noopener noreferrer\">Der Weltdiabetestag<\/a><\/a> Wollen Sie etwas Gro\u00dfes auf die Beine stellen, sollten Sie so langsam mit der Vorbereitung beginnen. Wir w\u00fcnschen Ihnen viel Freude bei der Planung und ein sch\u00f6nes Wochenende! <\/p>\n","protected":false},"excerpt":{"rendered":"<p>Das unabh\u00e4ngige Diabetes-Portal DiabSite unterst\u00fctzt die Aktionen der Internationalen Diabetes-F\u00f6deration mit vielen Informationen. Sie m\u00f6chten wissen, was es mit diesem Tag auf sich hat? Unter: Das Wichtigste zum Weltdiabetestag bieten wir die Antwort. Wer diesen Diabetes-Infotag unterst\u00fctzen m\u00f6chte &#8211;&nbsp;zum Beispiel mit einer eigenen Aktion&nbsp;&#8211; findet bei uns zahlreiche Anregungen zum Weltdiabetestag und den Blauen Freitagen [&hellip;]<\/p>\n","protected":false},"author":4,"featured_media":0,"comment_status":"open","ping_status":"open","sticky":false,"template":"","format":"standard","meta":{"footnotes":""},"categories":[1],"tags":[2883,10564,10563],"_links":{"self":[{"href":"https:\/\/www.diabsite.de\/diabetes-weblog\/wp-json\/wp\/v2\/posts\/54824"}],"collection":[{"href":"https:\/\/www.diabsite.de\/diabetes-weblog\/wp-json\/wp\/v2\/posts"}],"about":[{"href":"https:\/\/www.diabsite.de\/diabetes-weblog\/wp-json\/wp\/v2\/types\/post"}],"author":[{"embeddable":true,"href":"https:\/\/www.diabsite.de\/diabetes-weblog\/wp-json\/wp\/v2\/users\/4"}],"replies":[{"embeddable":true,"href":"https:\/\/www.diabsite.de\/diabetes-weblog\/wp-json\/wp\/v2\/comments?post=54824"}],"version-history":[{"count":5,"href":"https:\/\/www.diabsite.de\/diabetes-weblog\/wp-json\/wp\/v2\/posts\/54824\/revisions"}],"predecessor-version":[{"id":54829,"href":"https:\/\/www.diabsite.de\/diabetes-weblog\/wp-json\/wp\/v2\/posts\/54824\/revisions\/54829"}],"wp:attachment":[{"href":"https:\/\/www.diabsite.de\/diabetes-weblog\/wp-json\/wp\/v2\/media?parent=54824"}],"wp:term":[{"taxonomy":"category","embeddable":true,"href":"https:\/\/www.diabsite.de\/diabetes-weblog\/wp-json\/wp\/v2\/categories?post=54824"},{"taxonomy":"post_tag","embeddable":true,"href":"https:\/\/www.diabsite.de\/diabetes-weblog\/wp-json\/wp\/v2\/tags?post=54824"}],"curies":[{"name":"wp","href":"https:\/\/api.w.org\/{rel}","templated":true}]}}