{"id":54788,"date":"2020-08-03T14:31:05","date_gmt":"2020-08-03T12:31:05","guid":{"rendered":"https:\/\/www.diabsite.de\/diabetes-weblog\/?p=54788"},"modified":"2020-08-03T20:46:09","modified_gmt":"2020-08-03T18:46:09","slug":"aelter-werden-mit-diabetes-im-digitalen-wandel","status":"publish","type":"post","link":"https:\/\/www.diabsite.de\/diabetes-weblog\/2020\/08\/03\/aelter-werden-mit-diabetes-im-digitalen-wandel\/","title":{"rendered":"\u00c4lter werden mit Diabetes im digitalen Wandel"},"content":{"rendered":"<p>SilverStar 2021 unter neuem Motto: &#8222;\u00c4lter werden mit Diabetes im digitalen Wandel&#8220; lautet das Motto des SilverStar F\u00f6rderpreises&nbsp;2021. Ab sofort k\u00f6nnen sich engagierte Einzelpersonen oder Gruppen mit ihren Projekten f\u00fcr die soziale Auszeichnung der BERLIN-CHEMIE&nbsp;AG bewerben. <a href=\"https:\/\/www.diabsite.de\/aktuelles\/nachrichten\/2020\/200803.html\" target=\"_blank\" class=\"ds\" title=\"zur Nachricht (neues Fenster)\" rel=\"noopener noreferrer\">Nachricht lesen<\/a><\/p>\n","protected":false},"excerpt":{"rendered":"<p>SilverStar 2021 unter neuem Motto: &#8222;\u00c4lter werden mit Diabetes im digitalen Wandel&#8220; lautet das Motto des SilverStar F\u00f6rderpreises&nbsp;2021. Ab sofort k\u00f6nnen sich engagierte Einzelpersonen oder Gruppen mit ihren Projekten f\u00fcr die soziale Auszeichnung der BERLIN-CHEMIE&nbsp;AG bewerben. Nachricht lesen<\/p>\n","protected":false},"author":4,"featured_media":0,"comment_status":"open","ping_status":"open","sticky":false,"template":"","format":"standard","meta":{"footnotes":""},"categories":[2],"tags":[10543,4662,24,10544,1586,10542],"_links":{"self":[{"href":"https:\/\/www.diabsite.de\/diabetes-weblog\/wp-json\/wp\/v2\/posts\/54788"}],"collection":[{"href":"https:\/\/www.diabsite.de\/diabetes-weblog\/wp-json\/wp\/v2\/posts"}],"about":[{"href":"https:\/\/www.diabsite.de\/diabetes-weblog\/wp-json\/wp\/v2\/types\/post"}],"author":[{"embeddable":true,"href":"https:\/\/www.diabsite.de\/diabetes-weblog\/wp-json\/wp\/v2\/users\/4"}],"replies":[{"embeddable":true,"href":"https:\/\/www.diabsite.de\/diabetes-weblog\/wp-json\/wp\/v2\/comments?post=54788"}],"version-history":[{"count":1,"href":"https:\/\/www.diabsite.de\/diabetes-weblog\/wp-json\/wp\/v2\/posts\/54788\/revisions"}],"predecessor-version":[{"id":54789,"href":"https:\/\/www.diabsite.de\/diabetes-weblog\/wp-json\/wp\/v2\/posts\/54788\/revisions\/54789"}],"wp:attachment":[{"href":"https:\/\/www.diabsite.de\/diabetes-weblog\/wp-json\/wp\/v2\/media?parent=54788"}],"wp:term":[{"taxonomy":"category","embeddable":true,"href":"https:\/\/www.diabsite.de\/diabetes-weblog\/wp-json\/wp\/v2\/categories?post=54788"},{"taxonomy":"post_tag","embeddable":true,"href":"https:\/\/www.diabsite.de\/diabetes-weblog\/wp-json\/wp\/v2\/tags?post=54788"}],"curies":[{"name":"wp","href":"https:\/\/api.w.org\/{rel}","templated":true}]}}