{"id":54570,"date":"2020-06-29T15:58:27","date_gmt":"2020-06-29T13:58:27","guid":{"rendered":"https:\/\/www.diabsite.de\/diabetes-weblog\/?p=54570"},"modified":"2020-06-29T22:10:09","modified_gmt":"2020-06-29T20:10:09","slug":"diabetes-um-7ieben","status":"publish","type":"post","link":"https:\/\/www.diabsite.de\/diabetes-weblog\/2020\/06\/29\/diabetes-um-7ieben\/","title":{"rendered":"&#8222;Diabetes um 7ieben&#8220;"},"content":{"rendered":"<p><a href=\"https:\/\/www.diabsite.de\/aktuelles\/nachrichten\/2020\/200526.html\" target=\"_blank\" class=\"ds\" title=\"zur Nachricht (neues Fenster)\" rel=\"noopener noreferrer\"> <img loading=\"lazy\" decoding=\"async\" class=\"alignright\" src=\"https:\/\/www.diabsite.de\/diabetes-weblog\/wp-content\/images\/2020\/200526.jpg\" alt=\"\" width=\"120\" height=\"156\" \/><\/a> Politiker im Fragenhagel bei diabetesDE auf Facebook live: Endlich hat die Diabetes-Community die Chance, Politikern live auf den Zahn zu f\u00fchlen und zu fragen, warum es zum Beispiel mit der Diabetes-Pr\u00e4vention in Deutschland nicht vorangeht. diabetesDE&nbsp;&#8211; Deutsche Diabetes-Hilfe startet das neue halbst\u00fcndige Format &#8222;Diabetes um 7ieben&nbsp;&#8211; Politiker im Fragenhagel&#8220; am 17.&nbsp;August um 19.00&nbsp;Uhr live auf <a href=\"http:\/\/www.facebook.com\/diabetesde\" target=\"_blank\" class=\"extern\" title=\"neues Fenster\" rel=\"noopener noreferrer\">Facebook<\/a>. Jede\/r Interessierte kann w\u00e4hrend der 30&nbsp;Minuten seine Fragen im Chat stellen, diese werden direkt an die Politiker weitergeben. F\u00fcr den Auftakt am 17.&nbsp;August hat bereits MdB Dietrich Monstadt&nbsp;(CDU) zugesagt, in weiteren Folgen stellen sich am 7.9. Sabine Dittmar&nbsp;(SPD) beziehungsweise am 14.9. Kirsten Kappert-Gonther (B\u00fcndnis 90\/Die Gr\u00fcnen) den Fragen der Community. Diskussionspartner der Politiker ist unter anderem der Vorstandsvorsitzende von diabetesDE, Dr.&nbsp;Jens Kr\u00f6ger, die Moderation \u00fcbernehmen Nicole Mattig-Fabian beziehungsweise Dr.&nbsp;Stefanie Gerlach&nbsp;(14.9.), beide diabetesDE. <a href=\"https:\/\/www.diabsite.de\/aktuelles\/nachrichten\/2020\/200629.html\" target=\"_blank\" class=\"ds\" title=\"zur Nachricht (neues Fenster)\" rel=\"noopener noreferrer\">Nachricht lesen<\/a><\/p>\n","protected":false},"excerpt":{"rendered":"<p>Politiker im Fragenhagel bei diabetesDE auf Facebook live: Endlich hat die Diabetes-Community die Chance, Politikern live auf den Zahn zu f\u00fchlen und zu fragen, warum es zum Beispiel mit der Diabetes-Pr\u00e4vention in Deutschland nicht vorangeht. diabetesDE&nbsp;&#8211; Deutsche Diabetes-Hilfe startet das neue halbst\u00fcndige Format &#8222;Diabetes um 7ieben&nbsp;&#8211; Politiker im Fragenhagel&#8220; am 17.&nbsp;August um 19.00&nbsp;Uhr live auf [&hellip;]<\/p>\n","protected":false},"author":4,"featured_media":0,"comment_status":"open","ping_status":"open","sticky":false,"template":"","format":"standard","meta":{"footnotes":""},"categories":[2],"tags":[10313,24,369,3346,10488,10489,9851],"_links":{"self":[{"href":"https:\/\/www.diabsite.de\/diabetes-weblog\/wp-json\/wp\/v2\/posts\/54570"}],"collection":[{"href":"https:\/\/www.diabsite.de\/diabetes-weblog\/wp-json\/wp\/v2\/posts"}],"about":[{"href":"https:\/\/www.diabsite.de\/diabetes-weblog\/wp-json\/wp\/v2\/types\/post"}],"author":[{"embeddable":true,"href":"https:\/\/www.diabsite.de\/diabetes-weblog\/wp-json\/wp\/v2\/users\/4"}],"replies":[{"embeddable":true,"href":"https:\/\/www.diabsite.de\/diabetes-weblog\/wp-json\/wp\/v2\/comments?post=54570"}],"version-history":[{"count":2,"href":"https:\/\/www.diabsite.de\/diabetes-weblog\/wp-json\/wp\/v2\/posts\/54570\/revisions"}],"predecessor-version":[{"id":54663,"href":"https:\/\/www.diabsite.de\/diabetes-weblog\/wp-json\/wp\/v2\/posts\/54570\/revisions\/54663"}],"wp:attachment":[{"href":"https:\/\/www.diabsite.de\/diabetes-weblog\/wp-json\/wp\/v2\/media?parent=54570"}],"wp:term":[{"taxonomy":"category","embeddable":true,"href":"https:\/\/www.diabsite.de\/diabetes-weblog\/wp-json\/wp\/v2\/categories?post=54570"},{"taxonomy":"post_tag","embeddable":true,"href":"https:\/\/www.diabsite.de\/diabetes-weblog\/wp-json\/wp\/v2\/tags?post=54570"}],"curies":[{"name":"wp","href":"https:\/\/api.w.org\/{rel}","templated":true}]}}