{"id":54558,"date":"2020-06-30T10:20:55","date_gmt":"2020-06-30T08:20:55","guid":{"rendered":"https:\/\/www.diabsite.de\/diabetes-weblog\/?p=54558"},"modified":"2020-07-02T20:38:34","modified_gmt":"2020-07-02T18:38:34","slug":"covid-19-erkrankung-diabetes","status":"publish","type":"post","link":"https:\/\/www.diabsite.de\/diabetes-weblog\/2020\/06\/30\/covid-19-erkrankung-diabetes\/","title":{"rendered":"Covid-19-Erkrankung"},"content":{"rendered":"<p>Vitamin D-Versorgung kann Indikator f\u00fcr Sterblichkeitsrisiko sein: Diabetes, Herz-Kreislauf-Erkrankungen, starkes \u00dcbergewicht und Bluthochdruck&nbsp;&#8211; mit diesen Grunderkrankungen steigt das Risiko f\u00fcr einen schweren Verlauf, wenn eine Covid-19-Infektion hinzukommt. All diese Erkrankungen weisen eine Gemeinsamkeit auf: Sie gehen h\u00e4ufig mit einem niedrigen Vitamin-D-Spiegel einher. Gleiches gilt auch zum Beispiel f\u00fcr \u00e4ltere Menschen, bei denen ebenfalls h\u00e4ufig Vitamin-D-Mangel anzutreffen ist und die zu den Risikogruppen z\u00e4hlen. Auf diesen Zusammenhang weist Prof.&nbsp;Dr.&nbsp;Hans-Konrad Biesalski von der Universit\u00e4t Hohenheim in Stuttgart hin. Der Ern\u00e4hrungsmediziner hat 30&nbsp;Studien ausgewertet&nbsp;&#8211; und ein Vitamin-D-Defizit als m\u00f6glichen Indikator f\u00fcr den Schweregrad und die Mortalit\u00e4t bei einer Covid-19-Erkrankung identifiziert. Die Vitamin-D-Versorgung k\u00f6nnte auch beim Verlauf der Erkrankung eine Rolle spielen, denn dieses Vitamin reguliert das Immunsystem und Entz\u00fcndungsprozesse im K\u00f6rper. Der Experte empfiehlt daher, im Falle einer Covid-19-Erkrankung unbedingt den Vitamin-D-Spiegel im Auge zu behalten. Die vollst\u00e4ndige Studie erschien k\u00fcrzlich im <a href=\"https:\/\/doi.org\/10.1016\/j.nfs.2020.06.001\" target=\"_blank\" class=\"extern\" title=\"neues Fenster\" rel=\"noopener noreferrer\">NFS&nbsp;Journal<\/a>. <a href=\"https:\/\/www.diabsite.de\/aktuelles\/nachrichten\/2020\/200630.html\" target=\"_blank\" class=\"ds\" title=\"zur Nachricht (neues Fenster)\" rel=\"noopener noreferrer\">Nachricht lesen<\/a><\/p>\n","protected":false},"excerpt":{"rendered":"<p>Vitamin D-Versorgung kann Indikator f\u00fcr Sterblichkeitsrisiko sein: Diabetes, Herz-Kreislauf-Erkrankungen, starkes \u00dcbergewicht und Bluthochdruck&nbsp;&#8211; mit diesen Grunderkrankungen steigt das Risiko f\u00fcr einen schweren Verlauf, wenn eine Covid-19-Infektion hinzukommt. All diese Erkrankungen weisen eine Gemeinsamkeit auf: Sie gehen h\u00e4ufig mit einem niedrigen Vitamin-D-Spiegel einher. Gleiches gilt auch zum Beispiel f\u00fcr \u00e4ltere Menschen, bei denen ebenfalls h\u00e4ufig Vitamin-D-Mangel [&hellip;]<\/p>\n","protected":false},"author":1,"featured_media":0,"comment_status":"open","ping_status":"open","sticky":false,"template":"","format":"standard","meta":{"footnotes":""},"categories":[2],"tags":[300,10343,24,3824,2560,3246],"_links":{"self":[{"href":"https:\/\/www.diabsite.de\/diabetes-weblog\/wp-json\/wp\/v2\/posts\/54558"}],"collection":[{"href":"https:\/\/www.diabsite.de\/diabetes-weblog\/wp-json\/wp\/v2\/posts"}],"about":[{"href":"https:\/\/www.diabsite.de\/diabetes-weblog\/wp-json\/wp\/v2\/types\/post"}],"author":[{"embeddable":true,"href":"https:\/\/www.diabsite.de\/diabetes-weblog\/wp-json\/wp\/v2\/users\/1"}],"replies":[{"embeddable":true,"href":"https:\/\/www.diabsite.de\/diabetes-weblog\/wp-json\/wp\/v2\/comments?post=54558"}],"version-history":[{"count":10,"href":"https:\/\/www.diabsite.de\/diabetes-weblog\/wp-json\/wp\/v2\/posts\/54558\/revisions"}],"predecessor-version":[{"id":54563,"href":"https:\/\/www.diabsite.de\/diabetes-weblog\/wp-json\/wp\/v2\/posts\/54558\/revisions\/54563"}],"wp:attachment":[{"href":"https:\/\/www.diabsite.de\/diabetes-weblog\/wp-json\/wp\/v2\/media?parent=54558"}],"wp:term":[{"taxonomy":"category","embeddable":true,"href":"https:\/\/www.diabsite.de\/diabetes-weblog\/wp-json\/wp\/v2\/categories?post=54558"},{"taxonomy":"post_tag","embeddable":true,"href":"https:\/\/www.diabsite.de\/diabetes-weblog\/wp-json\/wp\/v2\/tags?post=54558"}],"curies":[{"name":"wp","href":"https:\/\/api.w.org\/{rel}","templated":true}]}}