{"id":54522,"date":"2020-06-22T10:36:05","date_gmt":"2020-06-22T08:36:05","guid":{"rendered":"https:\/\/www.diabsite.de\/diabetes-weblog\/?p=54522"},"modified":"2020-06-22T21:54:54","modified_gmt":"2020-06-22T19:54:54","slug":"der-die-das-diabetis-und-modeworte-wie-das-narrativ","status":"publish","type":"post","link":"https:\/\/www.diabsite.de\/diabetes-weblog\/2020\/06\/22\/der-die-das-diabetis-und-modeworte-wie-das-narrativ\/","title":{"rendered":"Der, die, das &#8222;Diabetis&#8220; und Modew\u00f6rter wie das &#8222;Narrativ&#8220;"},"content":{"rendered":"<p>In sozialen Medien &#8211;&nbsp;aber auch im \u00f6ffentlich-rechtlichen Rundfunk&nbsp;&#8211; verkommt die deutsche Spr\u00e4che. Treffen sich Menschen in Corona-Zeiten virtuell, wird vom Treffen per &#8222;Video-Schalte&#8220; statt &#8222;Videoschaltung&#8220; gesprochen. Da kr\u00e4useln sich bei Germanistinnen und Germanisten wie der Redakteurin des Diabetes-Portals DiabSite, Helga Uphoff, die Nackenhaare. Gleiches gilt f\u00fcr das Modewort &#8222;Narrativ&#8220;. Immer wieder h\u00f6ren wir, dass Deutschland nach Corona ein neues &#8222;Narrativ&#8220; brauche. \u00dcber die erstaunliche Karriere dieses Wortes schreibt Die WELT: <a href=\"https:\/\/www.welt.de\/debatte\/kommentare\/article159450529\/Hinz-und-Kunz-schwafeln-heutzutage-vom-Narrativ.html\" target=\"_blank\" class=\"extern\" title=\"neues Fenster\" rel=\"noopener noreferrer\">Hinz und Kunz schwafeln heutzutage vom &#8222;Narrativ&#8220;<\/a>. Noch tiefer taucht die <a href=\"https:\/\/www.welt.de\/debatte\/kommentare\/article159450529\/Hinz-und-Kunz-schwafeln-heutzutage-vom-Narrativ.html\" target=\"_blank\" class=\"extern\" title=\"neues Fenster\" rel=\"noopener noreferrer\">S\u00fcddeutsche Zeitung<\/a> in das Thema ein. Aber zur\u00fcck zu unserem Thema, dem Diabetes mellitus. Die Endung &#8222;us&#8220; verr\u00e4t dem Lateiner, dass dieses Wort maskulin ist. Also hei\u00dft es: der Diabetes mellitus. <a href=\"https:\/\/www.diabsite.de\/diabetis.htm\" target=\"_blank\" class=\"ds\" title=\"neues Fenster\" rel=\"noopener noreferrer\">Diabetis oder Diabetes<\/a>, das ist nun die letzte Frage? Wir beantworten sie gern und Ihnen eine sch\u00f6ne Woche!<\/p>\n","protected":false},"excerpt":{"rendered":"<p>In sozialen Medien &#8211;&nbsp;aber auch im \u00f6ffentlich-rechtlichen Rundfunk&nbsp;&#8211; verkommt die deutsche Spr\u00e4che. Treffen sich Menschen in Corona-Zeiten virtuell, wird vom Treffen per &#8222;Video-Schalte&#8220; statt &#8222;Videoschaltung&#8220; gesprochen. Da kr\u00e4useln sich bei Germanistinnen und Germanisten wie der Redakteurin des Diabetes-Portals DiabSite, Helga Uphoff, die Nackenhaare. Gleiches gilt f\u00fcr das Modewort &#8222;Narrativ&#8220;. Immer wieder h\u00f6ren wir, dass Deutschland [&hellip;]<\/p>\n","protected":false},"author":4,"featured_media":0,"comment_status":"open","ping_status":"open","sticky":false,"template":"","format":"standard","meta":{"footnotes":""},"categories":[1],"tags":[10313,806,10480,10481,10482],"_links":{"self":[{"href":"https:\/\/www.diabsite.de\/diabetes-weblog\/wp-json\/wp\/v2\/posts\/54522"}],"collection":[{"href":"https:\/\/www.diabsite.de\/diabetes-weblog\/wp-json\/wp\/v2\/posts"}],"about":[{"href":"https:\/\/www.diabsite.de\/diabetes-weblog\/wp-json\/wp\/v2\/types\/post"}],"author":[{"embeddable":true,"href":"https:\/\/www.diabsite.de\/diabetes-weblog\/wp-json\/wp\/v2\/users\/4"}],"replies":[{"embeddable":true,"href":"https:\/\/www.diabsite.de\/diabetes-weblog\/wp-json\/wp\/v2\/comments?post=54522"}],"version-history":[{"count":4,"href":"https:\/\/www.diabsite.de\/diabetes-weblog\/wp-json\/wp\/v2\/posts\/54522\/revisions"}],"predecessor-version":[{"id":54526,"href":"https:\/\/www.diabsite.de\/diabetes-weblog\/wp-json\/wp\/v2\/posts\/54522\/revisions\/54526"}],"wp:attachment":[{"href":"https:\/\/www.diabsite.de\/diabetes-weblog\/wp-json\/wp\/v2\/media?parent=54522"}],"wp:term":[{"taxonomy":"category","embeddable":true,"href":"https:\/\/www.diabsite.de\/diabetes-weblog\/wp-json\/wp\/v2\/categories?post=54522"},{"taxonomy":"post_tag","embeddable":true,"href":"https:\/\/www.diabsite.de\/diabetes-weblog\/wp-json\/wp\/v2\/tags?post=54522"}],"curies":[{"name":"wp","href":"https:\/\/api.w.org\/{rel}","templated":true}]}}