{"id":54410,"date":"2020-06-05T14:13:27","date_gmt":"2020-06-05T12:13:27","guid":{"rendered":"https:\/\/www.diabsite.de\/diabetes-weblog\/?p=54410"},"modified":"2020-06-11T20:42:49","modified_gmt":"2020-06-11T18:42:49","slug":"ueberarbeitete-sonderseite-zu-diabetes-und-coronavirus","status":"publish","type":"post","link":"https:\/\/www.diabsite.de\/diabetes-weblog\/2020\/06\/05\/ueberarbeitete-sonderseite-zu-diabetes-und-coronavirus\/","title":{"rendered":"\u00dcberarbeitete Sonderseite zu Diabetes und Coronavirus"},"content":{"rendered":"<p><a href=\"https:\/\/www.diabsite.de\/diabetes\/tipps\/coronavirus-covid-19.html\" target=\"_blank\" class=\"ds\" title=\"neues Fenster)\" rel=\"noopener noreferrer\"><img loading=\"lazy\" decoding=\"async\" class=\"alignright\" src=\"https:\/\/www.diabsite.de\/diabetes-weblog\/wp-content\/images\/diabetes\/coronavirus-diabetes.jpg\" width=\"200\" height=\"150\" alt=\"Coronavirus und Diabetes\" \/><\/a> Seit Monaten h\u00e4lt das neuartige Coronavirus SARS-CoV-2 die Welt in Atem. Lockdowns schr\u00e4nkten fast \u00fcberall grundlegende Menschenrechte ein. Nun wendet sich das Blatt. Grenzen sollen ge\u00f6ffnet werden, Urlaub in anderen L\u00e4ndern k\u00f6nnte bald wieder m\u00f6glich sein. Haben wir die COVID-19-Pandemie \u00fcberstanden? Wir vom Diabetes-Portal DiabSite meinen nein. Besonders f\u00fcr Risikogruppen wie Diabetikerinnen und Diabetiker gilt weiter: &#8222;Vorsicht Virus!&#8220;. Vermeiden Sie einen schweren Krankheitsverlauf und halten Sie die wichtigsten Hygieneregeln ein. Mehr erfahren Sie auf unserer Sonderseite <a href=\"https:\/\/www.diabsite.de\/diabetes\/tipps\/coronavirus-covid-19.html\" target=\"_blank\" class=\"ds\" title=\"neues Fenster\" rel=\"noopener noreferrer\">Corona und Diabetes<\/a>. Bleiben Sie wachsam und gesund!<\/p>\n","protected":false},"excerpt":{"rendered":"<p>Seit Monaten h\u00e4lt das neuartige Coronavirus SARS-CoV-2 die Welt in Atem. Lockdowns schr\u00e4nkten fast \u00fcberall grundlegende Menschenrechte ein. Nun wendet sich das Blatt. Grenzen sollen ge\u00f6ffnet werden, Urlaub in anderen L\u00e4ndern k\u00f6nnte bald wieder m\u00f6glich sein. Haben wir die COVID-19-Pandemie \u00fcberstanden? Wir vom Diabetes-Portal DiabSite meinen nein. Besonders f\u00fcr Risikogruppen wie Diabetikerinnen und Diabetiker gilt [&hellip;]<\/p>\n","protected":false},"author":4,"featured_media":0,"comment_status":"open","ping_status":"open","sticky":false,"template":"","format":"standard","meta":{"footnotes":""},"categories":[1],"tags":[10141,24,30,10448,4411,10241,3893],"_links":{"self":[{"href":"https:\/\/www.diabsite.de\/diabetes-weblog\/wp-json\/wp\/v2\/posts\/54410"}],"collection":[{"href":"https:\/\/www.diabsite.de\/diabetes-weblog\/wp-json\/wp\/v2\/posts"}],"about":[{"href":"https:\/\/www.diabsite.de\/diabetes-weblog\/wp-json\/wp\/v2\/types\/post"}],"author":[{"embeddable":true,"href":"https:\/\/www.diabsite.de\/diabetes-weblog\/wp-json\/wp\/v2\/users\/4"}],"replies":[{"embeddable":true,"href":"https:\/\/www.diabsite.de\/diabetes-weblog\/wp-json\/wp\/v2\/comments?post=54410"}],"version-history":[{"count":3,"href":"https:\/\/www.diabsite.de\/diabetes-weblog\/wp-json\/wp\/v2\/posts\/54410\/revisions"}],"predecessor-version":[{"id":54489,"href":"https:\/\/www.diabsite.de\/diabetes-weblog\/wp-json\/wp\/v2\/posts\/54410\/revisions\/54489"}],"wp:attachment":[{"href":"https:\/\/www.diabsite.de\/diabetes-weblog\/wp-json\/wp\/v2\/media?parent=54410"}],"wp:term":[{"taxonomy":"category","embeddable":true,"href":"https:\/\/www.diabsite.de\/diabetes-weblog\/wp-json\/wp\/v2\/categories?post=54410"},{"taxonomy":"post_tag","embeddable":true,"href":"https:\/\/www.diabsite.de\/diabetes-weblog\/wp-json\/wp\/v2\/tags?post=54410"}],"curies":[{"name":"wp","href":"https:\/\/api.w.org\/{rel}","templated":true}]}}