{"id":54078,"date":"2020-05-04T14:08:11","date_gmt":"2020-05-04T13:08:11","guid":{"rendered":"https:\/\/www.diabsite.de\/diabetes-weblog\/?p=54078"},"modified":"2020-05-04T20:15:49","modified_gmt":"2020-05-04T19:15:49","slug":"menschen-mit-diabetes-nicht-grundsaetzlich-covid-19-risikopatienten","status":"publish","type":"post","link":"https:\/\/www.diabsite.de\/diabetes-weblog\/2020\/05\/04\/menschen-mit-diabetes-nicht-grundsaetzlich-covid-19-risikopatienten\/","title":{"rendered":"Menschen mit Diabetes sind nicht grunds\u00e4tzlich COVID-19-Risikopatienten"},"content":{"rendered":"<p><a href=\"https:\/\/www.diabsite.de\/aktuelles\/nachrichten\/2020\/200504.html\" target=\"_blank\" class=\"ds\" title=\"zur Nachricht (neues Fenster)\"><img loading=\"lazy\" decoding=\"async\" class=\"alignright\" src=\"https:\/\/www.diabsite.de\/diabetes-weblog\/wp-content\/images\/2020\/200504.jpg\" width=\"120\" height=\"161\" alt=\"Professor Dr. med. Baptist Gallwitz\" \/><\/a> Deutsche Diabetes Gesellschaft warnt vor Stigmatisierung von Bev\u00f6lkerungsgruppen w\u00e4hrend der Corona-Pandemie: Menschen mit einem gut eingestellten Diabetes mellitus erkranken nicht h\u00e4ufiger an COVID-19 als die Durchschnittsbev\u00f6lkerung. Zwar gibt es Hinweise darauf, dass der Krankheitsverlauf bei dieser Patientengruppe schwerer sein kann, doch die meisten an COVID-19 Verstorbenen mit Diabetes waren hochbetagt und hatten weitere Erkrankungen. Aktuelle medizinische Daten rechtfertigten nicht den Ausschluss von der Teilhabe am gesellschaftlichen Leben allein aufgrund einer Diabetes-Erkrankung, so Experten der Deutschen Diabetes Gesellschaft&nbsp;(DDG). Dies gelte f\u00fcr Kitas, Schulen sowie soziale Kontakte im Allgemeinen, den Berufsalltag und die -ausbildung. Darauf weist der DDG Ausschuss &#8222;Soziales&#8220; in einem Positionspapier anl\u00e4sslich der derzeitigen schrittweisen \u00d6ffnungen des \u00f6ffentlichen Lebens&nbsp;hin. <a href=\"https:\/\/www.diabsite.de\/aktuelles\/nachrichten\/2020\/200504.html\" target=\"_blank\" class=\"ds\" title=\"zur Nachricht (neues Fenster)\">Nachricht lesen<\/a><\/p>\n","protected":false},"excerpt":{"rendered":"<p>Deutsche Diabetes Gesellschaft warnt vor Stigmatisierung von Bev\u00f6lkerungsgruppen w\u00e4hrend der Corona-Pandemie: Menschen mit einem gut eingestellten Diabetes mellitus erkranken nicht h\u00e4ufiger an COVID-19 als die Durchschnittsbev\u00f6lkerung. Zwar gibt es Hinweise darauf, dass der Krankheitsverlauf bei dieser Patientengruppe schwerer sein kann, doch die meisten an COVID-19 Verstorbenen mit Diabetes waren hochbetagt und hatten weitere Erkrankungen. Aktuelle [&hellip;]<\/p>\n","protected":false},"author":4,"featured_media":0,"comment_status":"open","ping_status":"closed","sticky":false,"template":"","format":"standard","meta":{"footnotes":""},"categories":[2],"tags":[10392,483,806,1424,40,3258],"_links":{"self":[{"href":"https:\/\/www.diabsite.de\/diabetes-weblog\/wp-json\/wp\/v2\/posts\/54078"}],"collection":[{"href":"https:\/\/www.diabsite.de\/diabetes-weblog\/wp-json\/wp\/v2\/posts"}],"about":[{"href":"https:\/\/www.diabsite.de\/diabetes-weblog\/wp-json\/wp\/v2\/types\/post"}],"author":[{"embeddable":true,"href":"https:\/\/www.diabsite.de\/diabetes-weblog\/wp-json\/wp\/v2\/users\/4"}],"replies":[{"embeddable":true,"href":"https:\/\/www.diabsite.de\/diabetes-weblog\/wp-json\/wp\/v2\/comments?post=54078"}],"version-history":[{"count":3,"href":"https:\/\/www.diabsite.de\/diabetes-weblog\/wp-json\/wp\/v2\/posts\/54078\/revisions"}],"predecessor-version":[{"id":54713,"href":"https:\/\/www.diabsite.de\/diabetes-weblog\/wp-json\/wp\/v2\/posts\/54078\/revisions\/54713"}],"wp:attachment":[{"href":"https:\/\/www.diabsite.de\/diabetes-weblog\/wp-json\/wp\/v2\/media?parent=54078"}],"wp:term":[{"taxonomy":"category","embeddable":true,"href":"https:\/\/www.diabsite.de\/diabetes-weblog\/wp-json\/wp\/v2\/categories?post=54078"},{"taxonomy":"post_tag","embeddable":true,"href":"https:\/\/www.diabsite.de\/diabetes-weblog\/wp-json\/wp\/v2\/tags?post=54078"}],"curies":[{"name":"wp","href":"https:\/\/api.w.org\/{rel}","templated":true}]}}