{"id":53847,"date":"2020-03-23T19:52:50","date_gmt":"2020-03-23T18:52:50","guid":{"rendered":"https:\/\/www.diabsite.de\/diabetes-weblog\/?p=53847"},"modified":"2020-03-25T23:02:16","modified_gmt":"2020-03-25T22:02:16","slug":"verband-der-ersatzkassen-vdek","status":"publish","type":"post","link":"https:\/\/www.diabsite.de\/diabetes-weblog\/2020\/03\/23\/verband-der-ersatzkassen-vdek\/","title":{"rendered":"Verband der Ersatzkassen (vdek)"},"content":{"rendered":"<p>Politik hat in der Corona-Krise schnelle pragmatische L\u00f6sungen gefunden: &#8222;Die Politik hat rasch gehandelt und umfangreiche Finanzhilfen zur Abfederung der finanziellen Belastung der Krankenh\u00e4user durch die Corona-Krise beschlossen, das ist ein wichtiger Schutzschirm f\u00fcr die Krankenh\u00e4user&#8220;, erkl\u00e4rt Ulrike Elsner, Vorstandsvorsitzende des Verbandes der Ersatzkassen e.&nbsp;V.&nbsp;(vdek), anl\u00e4sslich des Kabinettsbeschlusses zum COVID-19-Krankenhausentlastungsgesetz. <a href=\"https:\/\/www.diabsite.de\/aktuelles\/nachrichten\/2020\/200323.html\" target=\"_blank\" class=\"ds\" title=\"zur Nachricht (neues Fenster)\">Nachricht lesen<\/a><\/p>\n","protected":false},"excerpt":{"rendered":"<p>Politik hat in der Corona-Krise schnelle pragmatische L\u00f6sungen gefunden: &#8222;Die Politik hat rasch gehandelt und umfangreiche Finanzhilfen zur Abfederung der finanziellen Belastung der Krankenh\u00e4user durch die Corona-Krise beschlossen, das ist ein wichtiger Schutzschirm f\u00fcr die Krankenh\u00e4user&#8220;, erkl\u00e4rt Ulrike Elsner, Vorstandsvorsitzende des Verbandes der Ersatzkassen e.&nbsp;V.&nbsp;(vdek), anl\u00e4sslich des Kabinettsbeschlusses zum COVID-19-Krankenhausentlastungsgesetz. Nachricht lesen<\/p>\n","protected":false},"author":4,"featured_media":0,"comment_status":"open","ping_status":"closed","sticky":false,"template":"","format":"standard","meta":{"footnotes":""},"categories":[2],"tags":[10277,10297,10296,2098,723],"_links":{"self":[{"href":"https:\/\/www.diabsite.de\/diabetes-weblog\/wp-json\/wp\/v2\/posts\/53847"}],"collection":[{"href":"https:\/\/www.diabsite.de\/diabetes-weblog\/wp-json\/wp\/v2\/posts"}],"about":[{"href":"https:\/\/www.diabsite.de\/diabetes-weblog\/wp-json\/wp\/v2\/types\/post"}],"author":[{"embeddable":true,"href":"https:\/\/www.diabsite.de\/diabetes-weblog\/wp-json\/wp\/v2\/users\/4"}],"replies":[{"embeddable":true,"href":"https:\/\/www.diabsite.de\/diabetes-weblog\/wp-json\/wp\/v2\/comments?post=53847"}],"version-history":[{"count":4,"href":"https:\/\/www.diabsite.de\/diabetes-weblog\/wp-json\/wp\/v2\/posts\/53847\/revisions"}],"predecessor-version":[{"id":53851,"href":"https:\/\/www.diabsite.de\/diabetes-weblog\/wp-json\/wp\/v2\/posts\/53847\/revisions\/53851"}],"wp:attachment":[{"href":"https:\/\/www.diabsite.de\/diabetes-weblog\/wp-json\/wp\/v2\/media?parent=53847"}],"wp:term":[{"taxonomy":"category","embeddable":true,"href":"https:\/\/www.diabsite.de\/diabetes-weblog\/wp-json\/wp\/v2\/categories?post=53847"},{"taxonomy":"post_tag","embeddable":true,"href":"https:\/\/www.diabsite.de\/diabetes-weblog\/wp-json\/wp\/v2\/tags?post=53847"}],"curies":[{"name":"wp","href":"https:\/\/api.w.org\/{rel}","templated":true}]}}