{"id":53816,"date":"2020-03-19T17:06:25","date_gmt":"2020-03-19T16:06:25","guid":{"rendered":"https:\/\/www.diabsite.de\/diabetes-weblog\/?p=53816"},"modified":"2020-03-19T23:31:15","modified_gmt":"2020-03-19T22:31:15","slug":"corona-krise-kein-grund-zur-sorge-fuer-diabetiker","status":"publish","type":"post","link":"https:\/\/www.diabsite.de\/diabetes-weblog\/2020\/03\/19\/corona-krise-kein-grund-zur-sorge-fuer-diabetiker\/","title":{"rendered":"Corona-Krise: Kein Grund zur Sorge f\u00fcr Diabetiker"},"content":{"rendered":"<p><a href=\"https:\/\/www.diabsite.de\/aktuelles\/nachrichten\/2020\/200319.html\" target=\"_blank\" class=\"ds\" title=\"zur Nachricht (neues Fenster)\"><img loading=\"lazy\" decoding=\"async\" class=\"alignright\" src=\"https:\/\/www.diabsite.de\/diabetes-weblog\/wp-content\/images\/2020\/200319.jpg\" width=\"120\" height=\"159\" alt=\"Dr. med. Jens Kr\u00f6ger, niedergelassener Diabetologe und Vorstandsvorsitzender von diabetesDE\" \/><\/a> Quartalsbedarf f\u00fcr Menschen mit Diabetes gesichert. In diesen Tagen ist das neuartige Coronavirus SARS-CoV-2 und seine Folgen DAS beherrschende Thema in allen Medien. Viele Menschen sind verunsichert und machen sich Sorgen, insbesondere Menschen mit Diabetes. In den Medien werden sie als Risikogruppe dargestellt, ohne dass differenziert wird, wer genau als Risikopatient gilt. diabetesDE&nbsp;&#8211; Deutsche Diabetes-Hilfe will Klarheit schaffen: Ein erh\u00f6htes Risiko, an COVID-19 zu erkranken und dabei einen schweren Verlauf durchzumachen, besteht nur bei solchen Menschen mit Diabetes, die zus\u00e4tzliche Begleiterkrankungen wie zum Beispiel kardiovaskul\u00e4re Erkrankungen haben. Kein erh\u00f6htes Infektionsrisiko haben &#8222;gesunde&#8220; Diabetespatienten Typ&nbsp;1 und Typ&nbsp;2 mit einer stabilen Glukoseeinstellung. F\u00fcr diese Zielgruppe besteht kein Grund, ohne vorliegende Symptome vorbeugend eine Krankschreibung zu beantragen, wie es derzeit verst\u00e4rkt in den Praxen zu beobachten&nbsp;ist, meint Dr.&nbsp;Jens Kr\u00f6ger, niedergelassener Diabetologe und Vorstandsvorsitzender von diabetesDE <a href=\"https:\/\/www.diabsite.de\/aktuelles\/nachrichten\/2020\/200319.html\" target=\"_blank\" class=\"ds\" title=\"zur Nachricht (neues Fenster)\">Nachricht lesen<\/a><\/p>\n<p>Das k\u00f6nnte Sie auch interessieren:<\/p>\n<p>&#8211; Unser Hinweis am Ender der Nachricht<br \/>\n&#8211; <a href=\"https:\/\/www.diabsite.de\/\/coronavirus-diabetes.html\" target=\"_blank\" class=\"ds\" title=\"zur Sonderseite (neues Fenster)\">Coronavirus und Diabetes&nbsp;&#8211; was gibt es Neues?<\/a>&nbsp;&#8211; Eine Sonderseite auf dem Diabetes-Portal DiabSite.<\/p>\n","protected":false},"excerpt":{"rendered":"<p>Quartalsbedarf f\u00fcr Menschen mit Diabetes gesichert. In diesen Tagen ist das neuartige Coronavirus SARS-CoV-2 und seine Folgen DAS beherrschende Thema in allen Medien. Viele Menschen sind verunsichert und machen sich Sorgen, insbesondere Menschen mit Diabetes. In den Medien werden sie als Risikogruppe dargestellt, ohne dass differenziert wird, wer genau als Risikopatient gilt. diabetesDE&nbsp;&#8211; Deutsche Diabetes-Hilfe [&hellip;]<\/p>\n","protected":false},"author":4,"featured_media":0,"comment_status":"open","ping_status":"closed","sticky":false,"template":"","format":"standard","meta":{"footnotes":""},"categories":[2],"tags":[10277,10272,24,30,817,10284,10283],"_links":{"self":[{"href":"https:\/\/www.diabsite.de\/diabetes-weblog\/wp-json\/wp\/v2\/posts\/53816"}],"collection":[{"href":"https:\/\/www.diabsite.de\/diabetes-weblog\/wp-json\/wp\/v2\/posts"}],"about":[{"href":"https:\/\/www.diabsite.de\/diabetes-weblog\/wp-json\/wp\/v2\/types\/post"}],"author":[{"embeddable":true,"href":"https:\/\/www.diabsite.de\/diabetes-weblog\/wp-json\/wp\/v2\/users\/4"}],"replies":[{"embeddable":true,"href":"https:\/\/www.diabsite.de\/diabetes-weblog\/wp-json\/wp\/v2\/comments?post=53816"}],"version-history":[{"count":7,"href":"https:\/\/www.diabsite.de\/diabetes-weblog\/wp-json\/wp\/v2\/posts\/53816\/revisions"}],"predecessor-version":[{"id":53823,"href":"https:\/\/www.diabsite.de\/diabetes-weblog\/wp-json\/wp\/v2\/posts\/53816\/revisions\/53823"}],"wp:attachment":[{"href":"https:\/\/www.diabsite.de\/diabetes-weblog\/wp-json\/wp\/v2\/media?parent=53816"}],"wp:term":[{"taxonomy":"category","embeddable":true,"href":"https:\/\/www.diabsite.de\/diabetes-weblog\/wp-json\/wp\/v2\/categories?post=53816"},{"taxonomy":"post_tag","embeddable":true,"href":"https:\/\/www.diabsite.de\/diabetes-weblog\/wp-json\/wp\/v2\/tags?post=53816"}],"curies":[{"name":"wp","href":"https:\/\/api.w.org\/{rel}","templated":true}]}}