{"id":53761,"date":"2020-03-09T16:35:20","date_gmt":"2020-03-09T15:35:20","guid":{"rendered":"https:\/\/www.diabsite.de\/diabetes-weblog\/?p=53761"},"modified":"2020-03-10T19:37:32","modified_gmt":"2020-03-10T18:37:32","slug":"prolaktin-spiegel-und-entstehung-diabetestyp2","status":"publish","type":"post","link":"https:\/\/www.diabsite.de\/diabetes-weblog\/2020\/03\/09\/prolaktin-spiegel-und-entstehung-diabetestyp2\/","title":{"rendered":"Prolaktin-Spiegel und Entstehung Diabetes&nbsp;Typ&nbsp;2"},"content":{"rendered":"<p>Metabolische Klassifikation der Prolaktin-Spiegel f\u00fcr Patienten mit \u00dcbergewicht und Diabetes: Mexikanische und deutsche Wissenschaftler des Instituts f\u00fcr Neurobiologie der Nationalen Universit\u00e4t Mexikos&nbsp;(UNAM), des Klinikums N\u00fcrnberg und der Paracelsus Medizinischen Privatuniversit\u00e4t N\u00fcrnberg haben Studien \u00fcber den Zusammenhang des Prolaktin-Spiegels und der metabolischen Gesundheit bzw. der Entstehung von Diabetes analysiert und interpretiert. Als Konsequenz dieser Analysen wird eine neue Einteilung der Prolaktin-Spiegel f\u00fcr Patienten vorgeschlagen, welche als &#8222;metabolische Klassifikation der Prolaktin-Spiegel&#8220; bezeichnet&nbsp;wird. <a href=\"https:\/\/www.diabsite.de\/aktuelles\/nachrichten\/2020\/200309.html\" target=\"_blank\" class=\"ds\" title=\"zur Nachricht (neues Fenster)\">Nachricht lesen<\/a><\/p>\n","protected":false},"excerpt":{"rendered":"<p>Metabolische Klassifikation der Prolaktin-Spiegel f\u00fcr Patienten mit \u00dcbergewicht und Diabetes: Mexikanische und deutsche Wissenschaftler des Instituts f\u00fcr Neurobiologie der Nationalen Universit\u00e4t Mexikos&nbsp;(UNAM), des Klinikums N\u00fcrnberg und der Paracelsus Medizinischen Privatuniversit\u00e4t N\u00fcrnberg haben Studien \u00fcber den Zusammenhang des Prolaktin-Spiegels und der metabolischen Gesundheit bzw. der Entstehung von Diabetes analysiert und interpretiert. Als Konsequenz dieser Analysen wird [&hellip;]<\/p>\n","protected":false},"author":4,"featured_media":0,"comment_status":"open","ping_status":"closed","sticky":false,"template":"","format":"standard","meta":{"footnotes":""},"categories":[2],"tags":[36,1621,10262,332,10261,417],"_links":{"self":[{"href":"https:\/\/www.diabsite.de\/diabetes-weblog\/wp-json\/wp\/v2\/posts\/53761"}],"collection":[{"href":"https:\/\/www.diabsite.de\/diabetes-weblog\/wp-json\/wp\/v2\/posts"}],"about":[{"href":"https:\/\/www.diabsite.de\/diabetes-weblog\/wp-json\/wp\/v2\/types\/post"}],"author":[{"embeddable":true,"href":"https:\/\/www.diabsite.de\/diabetes-weblog\/wp-json\/wp\/v2\/users\/4"}],"replies":[{"embeddable":true,"href":"https:\/\/www.diabsite.de\/diabetes-weblog\/wp-json\/wp\/v2\/comments?post=53761"}],"version-history":[{"count":2,"href":"https:\/\/www.diabsite.de\/diabetes-weblog\/wp-json\/wp\/v2\/posts\/53761\/revisions"}],"predecessor-version":[{"id":53763,"href":"https:\/\/www.diabsite.de\/diabetes-weblog\/wp-json\/wp\/v2\/posts\/53761\/revisions\/53763"}],"wp:attachment":[{"href":"https:\/\/www.diabsite.de\/diabetes-weblog\/wp-json\/wp\/v2\/media?parent=53761"}],"wp:term":[{"taxonomy":"category","embeddable":true,"href":"https:\/\/www.diabsite.de\/diabetes-weblog\/wp-json\/wp\/v2\/categories?post=53761"},{"taxonomy":"post_tag","embeddable":true,"href":"https:\/\/www.diabsite.de\/diabetes-weblog\/wp-json\/wp\/v2\/tags?post=53761"}],"curies":[{"name":"wp","href":"https:\/\/api.w.org\/{rel}","templated":true}]}}