{"id":53740,"date":"2020-03-08T10:06:08","date_gmt":"2020-03-08T09:06:08","guid":{"rendered":"https:\/\/www.diabsite.de\/diabetes-weblog\/?p=53740"},"modified":"2021-03-08T21:49:54","modified_gmt":"2021-03-08T20:49:54","slug":"diabetes-portal-zum-weltfrauentag","status":"publish","type":"post","link":"https:\/\/www.diabsite.de\/diabetes-weblog\/2020\/03\/08\/diabetes-portal-zum-weltfrauentag\/","title":{"rendered":"Diabetes-Portal DiabSite zum Weltfrauentag"},"content":{"rendered":"<p><a href=\"https:\/\/www.diabsite.de\/diabetes-weblog\/wp-content\/images\/diabetes\/weltfrauentag-diabsite.jpg\"><img loading=\"lazy\" decoding=\"async\" class=\"alignright\" src=\"https:\/\/www.diabsite.de\/diabetes-weblog\/wp-content\/images\/diabetes\/_weltfrauentag-diabsite.jpg\" width=\"200\" height=\"158\" alt=\"Diabetes-Portal DiabSite zum Weltfrauentag\" \/><\/a> Seit 1977 ist der Internationale Frauentag am 8.&nbsp;M\u00e4rz der offizielle <a href=\"http:\/\/www.unis.unvienna.org\/unis\/de\/index.html\" target=\"_blank\" class=\"extern\" title=\"neues Fenster\" rel=\"noopener\">Tag der Vereinten Nationen f\u00fcr die Rechte der Frau und den Weltfrieden<\/a>. Erst 30&nbsp;Jahre sp\u00e4ter erreichte der <a href=\"https:\/\/www.diabsite.de\/aktionen\/weltdiabetestag\/resolution.html\" target=\"_blank\" class=\"ds\" title=\"neues Fenster\" rel=\"noopener\">Weltdiabetestag<\/a> diesen Status. Er wurde zum UN-Gesundheitstag. Immerhin! Nur wo bleibt der Kampf der Diabetikerinnen und Diabetiker f\u00fcr ihre Rechte?<\/p>\n<p>W\u00e4hrend Frauen um die Gleichberechtigung gek\u00e4mpft haben und immer noch k\u00e4mpfen, nehmen Menschen mit Diabetes Diskriminierungen in Schule und Beruf, Einschr\u00e4nkungen in der Versorgung und steigende Kosten f\u00fcr lebensnotwendige Medikamente oft klaglos hin. Das muss nicht sein. Wir von der DiabSite rufen deshalb alle Frauen und M\u00e4nner mit Diabetes auf, selbst aktiv zu werden. Engagieren Sie sich in den verschiedenen Organisationen, k\u00e4mpfen Sie f\u00fcr Ihre Rechte als Diabetikerin oder Diabetiker, und informieren Sie sich auf dem <a href=\"https:\/\/www.diabsite.de\/\" target=\"_blank\" class=\"ds\" title=\"neues Fenster\" rel=\"noopener\">Diabetes-Portal DiabSite<\/a>! <\/p>\n<p>Unseren Besucherinnen \u00fcberreichen wir heute einen virtuellen Blumenstrau\u00df (bitte zum Vergr\u00f6\u00dfern auf das Bild klicken) und w\u00fcnschen ihnen alles Liebe zum Weltfrauentag!<\/p>\n","protected":false},"excerpt":{"rendered":"<p>Seit 1977 ist der Internationale Frauentag am 8.&nbsp;M\u00e4rz der offizielle Tag der Vereinten Nationen f\u00fcr die Rechte der Frau und den Weltfrieden. Erst 30&nbsp;Jahre sp\u00e4ter erreichte der Weltdiabetestag diesen Status. Er wurde zum UN-Gesundheitstag. Immerhin! Nur wo bleibt der Kampf der Diabetikerinnen und Diabetiker f\u00fcr ihre Rechte? W\u00e4hrend Frauen um die Gleichberechtigung gek\u00e4mpft haben und [&hellip;]<\/p>\n","protected":false},"author":4,"featured_media":0,"comment_status":"open","ping_status":"closed","sticky":false,"template":"","format":"standard","meta":{"footnotes":""},"categories":[1],"tags":[30,9214,2847,588,1698],"_links":{"self":[{"href":"https:\/\/www.diabsite.de\/diabetes-weblog\/wp-json\/wp\/v2\/posts\/53740"}],"collection":[{"href":"https:\/\/www.diabsite.de\/diabetes-weblog\/wp-json\/wp\/v2\/posts"}],"about":[{"href":"https:\/\/www.diabsite.de\/diabetes-weblog\/wp-json\/wp\/v2\/types\/post"}],"author":[{"embeddable":true,"href":"https:\/\/www.diabsite.de\/diabetes-weblog\/wp-json\/wp\/v2\/users\/4"}],"replies":[{"embeddable":true,"href":"https:\/\/www.diabsite.de\/diabetes-weblog\/wp-json\/wp\/v2\/comments?post=53740"}],"version-history":[{"count":10,"href":"https:\/\/www.diabsite.de\/diabetes-weblog\/wp-json\/wp\/v2\/posts\/53740\/revisions"}],"predecessor-version":[{"id":55590,"href":"https:\/\/www.diabsite.de\/diabetes-weblog\/wp-json\/wp\/v2\/posts\/53740\/revisions\/55590"}],"wp:attachment":[{"href":"https:\/\/www.diabsite.de\/diabetes-weblog\/wp-json\/wp\/v2\/media?parent=53740"}],"wp:term":[{"taxonomy":"category","embeddable":true,"href":"https:\/\/www.diabsite.de\/diabetes-weblog\/wp-json\/wp\/v2\/categories?post=53740"},{"taxonomy":"post_tag","embeddable":true,"href":"https:\/\/www.diabsite.de\/diabetes-weblog\/wp-json\/wp\/v2\/tags?post=53740"}],"curies":[{"name":"wp","href":"https:\/\/api.w.org\/{rel}","templated":true}]}}