{"id":53553,"date":"2020-02-10T17:48:11","date_gmt":"2020-02-10T16:48:11","guid":{"rendered":"https:\/\/www.diabsite.de\/diabetes-weblog\/?p=53553"},"modified":"2020-02-10T21:00:45","modified_gmt":"2020-02-10T20:00:45","slug":"arbeitsmedizinischer-kongress-dgaum-2020-unter-schirmherrschaft-von-jens-spahn","status":"publish","type":"post","link":"https:\/\/www.diabsite.de\/diabetes-weblog\/2020\/02\/10\/arbeitsmedizinischer-kongress-dgaum-2020-unter-schirmherrschaft-von-jens-spahn\/","title":{"rendered":"Arbeitsmedizinischer Kongress DGAUM&nbsp;2020 unter Schirmherrschaft von Jens Spahn"},"content":{"rendered":"<p><a href=\"https:\/\/www.diabsite.de\/aktuelles\/nachrichten\/2020\/200210.html\" target=\"_blank\" class=\"ds\" title=\"zur Nachricht (neues Fenster)\"><img loading=\"lazy\" decoding=\"async\" class=\"alignright\" src=\"https:\/\/www.diabsite.de\/diabetes-weblog\/wp-content\/images\/2020\/200210.jpg\" width=\"150\" height=\"154\" alt=\"Bundesgesundheitsminister Jens Spahn\" \/><\/a> Diabetes auch hier ein Thema: Der gr\u00f6\u00dfte arbeitsmedizinische Kongress im deutschsprachigen Raum, die Jahrestagung der DGAUM, findet in diesem Jahr vom 11.-14.&nbsp;M\u00e4rz in M\u00fcnchen unter der Schirmherrschaft von Bundesgesundheitsminister Jens Spahn statt. Renommierte Vertreter*innen aus Wissenschaft und Politik stellen aktuelle Entwicklungen und Forschungsergebnisse aus dem Gebiet der Arbeits- und Umweltmedizin vor. Einen Themenschwerpunkt bildet hierbei, f\u00fcnf Jahre nach seiner Verabschiedung, das Pr\u00e4ventionsgesetz. Der Staatssekret\u00e4r im Bundesgesundheitsministerium, Dr.&nbsp;Thomas Steffen, wird im Rahmen der Er\u00f6ffnungsveranstaltung am Mittwoch, 11.&nbsp;M\u00e4rz, einen Festvortrag zum Thema &#8222;5&nbsp;Jahre Pr\u00e4ventionsgesetz&#8220; halten. <a href=\"https:\/\/www.diabsite.de\/aktuelles\/nachrichten\/2020\/200210.html\" target=\"_blank\" class=\"ds\" title=\"zur Nachricht (neues Fenster)\">Nachricht lesen<\/a><\/p>\n","protected":false},"excerpt":{"rendered":"<p>Diabetes auch hier ein Thema: Der gr\u00f6\u00dfte arbeitsmedizinische Kongress im deutschsprachigen Raum, die Jahrestagung der DGAUM, findet in diesem Jahr vom 11.-14.&nbsp;M\u00e4rz in M\u00fcnchen unter der Schirmherrschaft von Bundesgesundheitsminister Jens Spahn statt. Renommierte Vertreter*innen aus Wissenschaft und Politik stellen aktuelle Entwicklungen und Forschungsergebnisse aus dem Gebiet der Arbeits- und Umweltmedizin vor. Einen Themenschwerpunkt bildet hierbei, [&hellip;]<\/p>\n","protected":false},"author":4,"featured_media":0,"comment_status":"open","ping_status":"closed","sticky":false,"template":"","format":"standard","meta":{"footnotes":""},"categories":[2],"tags":[10173,10172,10171,24,4389],"_links":{"self":[{"href":"https:\/\/www.diabsite.de\/diabetes-weblog\/wp-json\/wp\/v2\/posts\/53553"}],"collection":[{"href":"https:\/\/www.diabsite.de\/diabetes-weblog\/wp-json\/wp\/v2\/posts"}],"about":[{"href":"https:\/\/www.diabsite.de\/diabetes-weblog\/wp-json\/wp\/v2\/types\/post"}],"author":[{"embeddable":true,"href":"https:\/\/www.diabsite.de\/diabetes-weblog\/wp-json\/wp\/v2\/users\/4"}],"replies":[{"embeddable":true,"href":"https:\/\/www.diabsite.de\/diabetes-weblog\/wp-json\/wp\/v2\/comments?post=53553"}],"version-history":[{"count":7,"href":"https:\/\/www.diabsite.de\/diabetes-weblog\/wp-json\/wp\/v2\/posts\/53553\/revisions"}],"predecessor-version":[{"id":53560,"href":"https:\/\/www.diabsite.de\/diabetes-weblog\/wp-json\/wp\/v2\/posts\/53553\/revisions\/53560"}],"wp:attachment":[{"href":"https:\/\/www.diabsite.de\/diabetes-weblog\/wp-json\/wp\/v2\/media?parent=53553"}],"wp:term":[{"taxonomy":"category","embeddable":true,"href":"https:\/\/www.diabsite.de\/diabetes-weblog\/wp-json\/wp\/v2\/categories?post=53553"},{"taxonomy":"post_tag","embeddable":true,"href":"https:\/\/www.diabsite.de\/diabetes-weblog\/wp-json\/wp\/v2\/tags?post=53553"}],"curies":[{"name":"wp","href":"https:\/\/api.w.org\/{rel}","templated":true}]}}