{"id":52957,"date":"2019-11-15T18:16:06","date_gmt":"2019-11-15T17:16:06","guid":{"rendered":"https:\/\/www.diabsite.de\/diabetes-weblog\/?p=52957"},"modified":"2019-11-15T23:41:26","modified_gmt":"2019-11-15T22:41:26","slug":"diabetes-3-blue-friday-2019","status":"publish","type":"post","link":"https:\/\/www.diabsite.de\/diabetes-weblog\/2019\/11\/15\/diabetes-3-blue-friday-2019\/","title":{"rendered":"Diabetes: 3. Blue Friday 2019"},"content":{"rendered":"<p><img loading=\"lazy\" decoding=\"async\" class=\"alignright\" src=\"https:\/\/www.diabsite.de\/diabetes-weblog\/wp-content\/images\/blue-fridays.jpg\" width=\"150\" height=\"114\" alt=\"blue-fridays\" \/> Nur einen Tag nach dem Weltdiabetestag haben Diabetikerinnen und Diabetiker auf der ganzen Welt heute wieder auf die Volkskrankheit Diabetes aufmerksam gemacht. Anlass war der 3.&nbsp;Blaue Freitag im November&nbsp;&#8211; dem Diabetes Awareness Month. Sie trugen blaue T-Shirts und den blauen Kreis, das Weltdiabetestagssymbol. Und Sie? Sollten Sie die Aktion heute verpasst haben, gibt es noch zwei Freitage, an denen Sie eine Aktion zur Diabetes-Aufkl\u00e4rung starten k\u00f6nnen. Es ist ein sch\u00f6nes Gef\u00fchl, an den Blue Fridays mit Menschen auf der ganzen Welt vereint zu sein, die das Thema ins Bewusstsein der \u00d6ffentlichkeit tragen, die Diabetes-Pr\u00e4vention f\u00f6rdern und f\u00fcr eine bessere Versorgung von Diabetikern k\u00e4mpfen. Infos zum <a href=\"https:\/\/www.diabsite.de\/aktionen\/weltdiabetestag\/index.html\" target=\"_blank\" class=\"ds\" title=\"neues Fenster\">Weltdiabetestag<\/a> finden Sie auf der DiabSite. Wir hoffen. Sie haben und hatten einen sch\u00f6nen Blue Friday.<\/p>\n","protected":false},"excerpt":{"rendered":"<p>Nur einen Tag nach dem Weltdiabetestag haben Diabetikerinnen und Diabetiker auf der ganzen Welt heute wieder auf die Volkskrankheit Diabetes aufmerksam gemacht. Anlass war der 3.&nbsp;Blaue Freitag im November&nbsp;&#8211; dem Diabetes Awareness Month. Sie trugen blaue T-Shirts und den blauen Kreis, das Weltdiabetestagssymbol. Und Sie? Sollten Sie die Aktion heute verpasst haben, gibt es noch [&hellip;]<\/p>\n","protected":false},"author":4,"featured_media":0,"comment_status":"open","ping_status":"closed","sticky":false,"template":"","format":"standard","meta":{"footnotes":""},"categories":[1],"tags":[1167,9953,2962,24,5522,97,588],"_links":{"self":[{"href":"https:\/\/www.diabsite.de\/diabetes-weblog\/wp-json\/wp\/v2\/posts\/52957"}],"collection":[{"href":"https:\/\/www.diabsite.de\/diabetes-weblog\/wp-json\/wp\/v2\/posts"}],"about":[{"href":"https:\/\/www.diabsite.de\/diabetes-weblog\/wp-json\/wp\/v2\/types\/post"}],"author":[{"embeddable":true,"href":"https:\/\/www.diabsite.de\/diabetes-weblog\/wp-json\/wp\/v2\/users\/4"}],"replies":[{"embeddable":true,"href":"https:\/\/www.diabsite.de\/diabetes-weblog\/wp-json\/wp\/v2\/comments?post=52957"}],"version-history":[{"count":2,"href":"https:\/\/www.diabsite.de\/diabetes-weblog\/wp-json\/wp\/v2\/posts\/52957\/revisions"}],"predecessor-version":[{"id":52959,"href":"https:\/\/www.diabsite.de\/diabetes-weblog\/wp-json\/wp\/v2\/posts\/52957\/revisions\/52959"}],"wp:attachment":[{"href":"https:\/\/www.diabsite.de\/diabetes-weblog\/wp-json\/wp\/v2\/media?parent=52957"}],"wp:term":[{"taxonomy":"category","embeddable":true,"href":"https:\/\/www.diabsite.de\/diabetes-weblog\/wp-json\/wp\/v2\/categories?post=52957"},{"taxonomy":"post_tag","embeddable":true,"href":"https:\/\/www.diabsite.de\/diabetes-weblog\/wp-json\/wp\/v2\/tags?post=52957"}],"curies":[{"name":"wp","href":"https:\/\/api.w.org\/{rel}","templated":true}]}}