{"id":52955,"date":"2019-11-15T16:43:30","date_gmt":"2019-11-15T15:43:30","guid":{"rendered":"https:\/\/www.diabsite.de\/diabetes-weblog\/?p=52955"},"modified":"2019-11-15T21:59:50","modified_gmt":"2019-11-15T20:59:50","slug":"diabetes-aufklaerung-statt-diabetes-stigma","status":"publish","type":"post","link":"https:\/\/www.diabsite.de\/diabetes-weblog\/2019\/11\/15\/diabetes-aufklaerung-statt-diabetes-stigma\/","title":{"rendered":"Diabetes-Aufkl\u00e4rung statt Diabetes-Stigma!"},"content":{"rendered":"<p><a href=\"https:\/\/www.diabsite.de\/aktuelles\/nachrichten\/2019\/191115.html\" target=\"_blank\" class=\"ds\" title=\"zur Nachricht (neues Fenster)\"><img loading=\"lazy\" decoding=\"async\" class=\"alignright\" src=\"https:\/\/www.diabsite.de\/diabetes-weblog\/wp-content\/images\/2019\/191115.jpg\" width=\"120\" height=\"164\" alt=\"Nicole Mattig-Fabian, Gesch\u00e4ftsf\u00fchrerin von diabetesDE\" \/><\/a> www.diabetes-stimme.de fordert ein Umdenken in der Gesellschaft: Die chronische Krankheit Diabetes erf\u00e4hrt laut einer Umfrage unter \u00fcber 1500&nbsp;Menschen mit Diabetes Typ&nbsp;2 in der Gesellschaft und in der Politik zu wenig Aufmerksamkeit und findet zu wenig Geh\u00f6r. Mangelnde Aufkl\u00e4rung \u00fcber Diabetes f\u00fchrt oft zu direkten und\/oder indirekten Schuldzuweisungen an die Betroffenen. 38&nbsp;Prozent der Menschen mit Diabetes Typ&nbsp;2 f\u00fchlen sich aufgrund ihrer Erkrankung stigmatisiert. 84&nbsp;Prozent der Menschen mit Diabetes Typ&nbsp;2 sind der Meinung, die \u00d6ffentlichkeit nehme ihre Erkrankung nicht ernst und 89&nbsp;Prozent der Menschen mit Diabetes Typ&nbsp;2 finden, die \u00d6ffentlichkeit sei nicht gut \u00fcber Diabetes informiert. &#8222;Es ist Zeit, dass sich f\u00fcr Menschen mit Diabetes etwas \u00e4ndert in der Gesellschaft. Wir brauchen mehr Diabetes-Aufkl\u00e4rung statt Diabetes-Stigma&#8220;, sagt Nicole Mattig-Fabian, Gesch\u00e4ftsf\u00fchrerin von diabetesDE&nbsp;&#8211; Deutsche Diabetes-Hilfe. Der gemeinn\u00fctzige Verein ist Initiator der neu gegr\u00fcndeten &#8222;Digitalen Allianz Typ&nbsp;2&#8220;, einem Zusammenschluss von 16&nbsp;Diabetesorganisationen, -verlagen und -agenturen. Mit der Website <a href=\"http:\/\/www.diabetes-stimme.de\/\" target=\"_blank\" class=\"extern\" title=\"neues Fenster\">ww.diabetes-stimme.de<\/a> will sie die digitale B\u00fcrgerbeteiligung in der Diabetescommunity erleichtern. <a href=\"https:\/\/www.diabsite.de\/aktuelles\/nachrichten\/2019\/191115.html\" target=\"_blank\" class=\"ds\" title=\"zur Nachricht (neues Fenster)\">Nachricht lesen<\/a><\/p>\n","protected":false},"excerpt":{"rendered":"<p>www.diabetes-stimme.de fordert ein Umdenken in der Gesellschaft: Die chronische Krankheit Diabetes erf\u00e4hrt laut einer Umfrage unter \u00fcber 1500&nbsp;Menschen mit Diabetes Typ&nbsp;2 in der Gesellschaft und in der Politik zu wenig Aufmerksamkeit und findet zu wenig Geh\u00f6r. Mangelnde Aufkl\u00e4rung \u00fcber Diabetes f\u00fchrt oft zu direkten und\/oder indirekten Schuldzuweisungen an die Betroffenen. 38&nbsp;Prozent der Menschen mit Diabetes [&hellip;]<\/p>\n","protected":false},"author":4,"featured_media":0,"comment_status":"open","ping_status":"closed","sticky":false,"template":"","format":"standard","meta":{"footnotes":""},"categories":[2],"tags":[1167,1621,627,9951,9952,1100],"_links":{"self":[{"href":"https:\/\/www.diabsite.de\/diabetes-weblog\/wp-json\/wp\/v2\/posts\/52955"}],"collection":[{"href":"https:\/\/www.diabsite.de\/diabetes-weblog\/wp-json\/wp\/v2\/posts"}],"about":[{"href":"https:\/\/www.diabsite.de\/diabetes-weblog\/wp-json\/wp\/v2\/types\/post"}],"author":[{"embeddable":true,"href":"https:\/\/www.diabsite.de\/diabetes-weblog\/wp-json\/wp\/v2\/users\/4"}],"replies":[{"embeddable":true,"href":"https:\/\/www.diabsite.de\/diabetes-weblog\/wp-json\/wp\/v2\/comments?post=52955"}],"version-history":[{"count":1,"href":"https:\/\/www.diabsite.de\/diabetes-weblog\/wp-json\/wp\/v2\/posts\/52955\/revisions"}],"predecessor-version":[{"id":52956,"href":"https:\/\/www.diabsite.de\/diabetes-weblog\/wp-json\/wp\/v2\/posts\/52955\/revisions\/52956"}],"wp:attachment":[{"href":"https:\/\/www.diabsite.de\/diabetes-weblog\/wp-json\/wp\/v2\/media?parent=52955"}],"wp:term":[{"taxonomy":"category","embeddable":true,"href":"https:\/\/www.diabsite.de\/diabetes-weblog\/wp-json\/wp\/v2\/categories?post=52955"},{"taxonomy":"post_tag","embeddable":true,"href":"https:\/\/www.diabsite.de\/diabetes-weblog\/wp-json\/wp\/v2\/tags?post=52955"}],"curies":[{"name":"wp","href":"https:\/\/api.w.org\/{rel}","templated":true}]}}