{"id":52945,"date":"2019-11-14T09:28:02","date_gmt":"2019-11-14T08:28:02","guid":{"rendered":"https:\/\/www.diabsite.de\/diabetes-weblog\/?p=52945"},"modified":"2019-11-14T09:28:02","modified_gmt":"2019-11-14T08:28:02","slug":"heute-ist-weltdiabetestag-7","status":"publish","type":"post","link":"https:\/\/www.diabsite.de\/diabetes-weblog\/2019\/11\/14\/heute-ist-weltdiabetestag-7\/","title":{"rendered":"Heute ist Weltdiabetestag"},"content":{"rendered":"<p><a href=\"https:\/\/www.diabsite.de\/\" target=\"_blank\" class=\"ds\" title=\"neues Fenster\"><img loading=\"lazy\" decoding=\"async\" class=\"alignright\" src=\"https:\/\/www.diabsite.de\/diabetes-weblog\/wp-content\/images\/diabetes\/weltdiabetestag-blau.jpg\" width=\"150\" height=\"57\" alt=\"Diabetes-Portal DiabSite leuchtet blau\" \/><\/a> Was es damit auf sich hat, erfahren Sie auf dem unabh\u00e4ngigen Diabetes-Portal DiabSite. Wir informieren umfassend \u00fcber den <a href=\"https:\/\/www.diabsite.de\/aktionen\/weltdiabetestag\/weltdiabetestag.html\" target=\"_blank\" class=\"ds\" title=\"neues Fenster\">Weltdiabetestag<\/a>,  der 1991 von der Internationalen Diabetes-F\u00f6deration&nbsp;(IDF) und der Weltgesundheitsorganisation&nbsp;(WHO) als Aktionstag eingef\u00fchrt wurde. Seit 2007 ist der Weltdiabetestag auch ein <a href=\"https:\/\/www.diabsite.de\/aktionen\/weltdiabetestag\/resolution.html\" target=\"_blank\" class=\"ds\" title=\"neues Fenster\">Tag der Vereinten Nationen<\/a>. Auf der ganzen Welt machen Diabetiker und Nicht-Diabetiker heute auf die Volkskrankheit Diabetes aufmerksam.<\/p>\n","protected":false},"excerpt":{"rendered":"<p>Was es damit auf sich hat, erfahren Sie auf dem unabh\u00e4ngigen Diabetes-Portal DiabSite. Wir informieren umfassend \u00fcber den Weltdiabetestag, der 1991 von der Internationalen Diabetes-F\u00f6deration&nbsp;(IDF) und der Weltgesundheitsorganisation&nbsp;(WHO) als Aktionstag eingef\u00fchrt wurde. Seit 2007 ist der Weltdiabetestag auch ein Tag der Vereinten Nationen. Auf der ganzen Welt machen Diabetiker und Nicht-Diabetiker heute auf die Volkskrankheit [&hellip;]<\/p>\n","protected":false},"author":4,"featured_media":0,"comment_status":"open","ping_status":"closed","sticky":false,"template":"","format":"standard","meta":{"footnotes":""},"categories":[1],"tags":[682,2846,9945,588],"_links":{"self":[{"href":"https:\/\/www.diabsite.de\/diabetes-weblog\/wp-json\/wp\/v2\/posts\/52945"}],"collection":[{"href":"https:\/\/www.diabsite.de\/diabetes-weblog\/wp-json\/wp\/v2\/posts"}],"about":[{"href":"https:\/\/www.diabsite.de\/diabetes-weblog\/wp-json\/wp\/v2\/types\/post"}],"author":[{"embeddable":true,"href":"https:\/\/www.diabsite.de\/diabetes-weblog\/wp-json\/wp\/v2\/users\/4"}],"replies":[{"embeddable":true,"href":"https:\/\/www.diabsite.de\/diabetes-weblog\/wp-json\/wp\/v2\/comments?post=52945"}],"version-history":[{"count":2,"href":"https:\/\/www.diabsite.de\/diabetes-weblog\/wp-json\/wp\/v2\/posts\/52945\/revisions"}],"predecessor-version":[{"id":52947,"href":"https:\/\/www.diabsite.de\/diabetes-weblog\/wp-json\/wp\/v2\/posts\/52945\/revisions\/52947"}],"wp:attachment":[{"href":"https:\/\/www.diabsite.de\/diabetes-weblog\/wp-json\/wp\/v2\/media?parent=52945"}],"wp:term":[{"taxonomy":"category","embeddable":true,"href":"https:\/\/www.diabsite.de\/diabetes-weblog\/wp-json\/wp\/v2\/categories?post=52945"},{"taxonomy":"post_tag","embeddable":true,"href":"https:\/\/www.diabsite.de\/diabetes-weblog\/wp-json\/wp\/v2\/tags?post=52945"}],"curies":[{"name":"wp","href":"https:\/\/api.w.org\/{rel}","templated":true}]}}