{"id":52907,"date":"2019-11-12T14:31:37","date_gmt":"2019-11-12T13:31:37","guid":{"rendered":"https:\/\/www.diabsite.de\/diabetes-weblog\/?p=52907"},"modified":"2019-11-12T20:06:53","modified_gmt":"2019-11-12T19:06:53","slug":"weltdiabetestag-am-14-november-2","status":"publish","type":"post","link":"https:\/\/www.diabsite.de\/diabetes-weblog\/2019\/11\/12\/weltdiabetestag-am-14-november-2\/","title":{"rendered":"Weltdiabetestag am 14. November"},"content":{"rendered":"<p><a href=\"https:\/\/www.diabsite.de\/aktuelles\/nachrichten\/2019\/191112.html\" target=\"_blank\" class=\"ds\" title=\"zur Nachricht (neues Fenster)\"><img loading=\"lazy\" decoding=\"async\" class=\"alignright\" src=\"https:\/\/www.diabsite.de\/diabetes-weblog\/wp-content\/images\/2019\/191112.jpg\" width=\"150\" height=\"196\" alt=\"Bundesgesundheitsminister Jens Spahn\" \/><\/a> Erster Bericht zur Nationalen Diabetes\u00ad\u00fcberwachung: Das Risiko, an Diabetes zu erkranken, ist h\u00f6her als viele denken. Fast 80&nbsp;% der Befragten, die laut eines Testergebnisses ein erh\u00f6htes Risiko f\u00fcr eine Typ-2-Diabeteserkrankung aufweisen, sch\u00e4tzen ihr Erkrankungsrisiko selbst als gering ein. Das ergab ein bundesweiter Befragungssurvey des Robert Koch-Instituts&nbsp;(RKI) und der Bundeszentrale f\u00fcr gesundheitliche Aufkl\u00e4rung&nbsp;(BZgA). Bundesgesundheitsminister Jens Spahn: &#8222;Die Gefahr, an Diabetes zu erkranken, wird viel zu h\u00e4ufig untersch\u00e4tzt. Das kann schwerwiegende Folgen haben. Deshalb ist es wichtig, dass Diabetes fr\u00fch erkannt und rechtzeitig behandelt wird. Der Diabetesbericht liefert wichtige Daten, um Pr\u00e4vention und Versorgung noch besser steuern zu k\u00f6nnen.&#8220; <a href=\"https:\/\/www.diabsite.de\/aktuelles\/nachrichten\/2019\/191112.html\" target=\"_blank\" class=\"ds\" title=\"zur Nachricht (neues Fenster)\">Nachricht lesen<\/a><\/p>\n","protected":false},"excerpt":{"rendered":"<p>Erster Bericht zur Nationalen Diabetes\u00ad\u00fcberwachung: Das Risiko, an Diabetes zu erkranken, ist h\u00f6her als viele denken. Fast 80&nbsp;% der Befragten, die laut eines Testergebnisses ein erh\u00f6htes Risiko f\u00fcr eine Typ-2-Diabeteserkrankung aufweisen, sch\u00e4tzen ihr Erkrankungsrisiko selbst als gering ein. Das ergab ein bundesweiter Befragungssurvey des Robert Koch-Instituts&nbsp;(RKI) und der Bundeszentrale f\u00fcr gesundheitliche Aufkl\u00e4rung&nbsp;(BZgA). Bundesgesundheitsminister Jens Spahn: [&hellip;]<\/p>\n","protected":false},"author":4,"featured_media":0,"comment_status":"open","ping_status":"closed","sticky":false,"template":"","format":"standard","meta":{"footnotes":""},"categories":[2],"tags":[7320,9940,9941,9538,2115,588],"_links":{"self":[{"href":"https:\/\/www.diabsite.de\/diabetes-weblog\/wp-json\/wp\/v2\/posts\/52907"}],"collection":[{"href":"https:\/\/www.diabsite.de\/diabetes-weblog\/wp-json\/wp\/v2\/posts"}],"about":[{"href":"https:\/\/www.diabsite.de\/diabetes-weblog\/wp-json\/wp\/v2\/types\/post"}],"author":[{"embeddable":true,"href":"https:\/\/www.diabsite.de\/diabetes-weblog\/wp-json\/wp\/v2\/users\/4"}],"replies":[{"embeddable":true,"href":"https:\/\/www.diabsite.de\/diabetes-weblog\/wp-json\/wp\/v2\/comments?post=52907"}],"version-history":[{"count":3,"href":"https:\/\/www.diabsite.de\/diabetes-weblog\/wp-json\/wp\/v2\/posts\/52907\/revisions"}],"predecessor-version":[{"id":52910,"href":"https:\/\/www.diabsite.de\/diabetes-weblog\/wp-json\/wp\/v2\/posts\/52907\/revisions\/52910"}],"wp:attachment":[{"href":"https:\/\/www.diabsite.de\/diabetes-weblog\/wp-json\/wp\/v2\/media?parent=52907"}],"wp:term":[{"taxonomy":"category","embeddable":true,"href":"https:\/\/www.diabsite.de\/diabetes-weblog\/wp-json\/wp\/v2\/categories?post=52907"},{"taxonomy":"post_tag","embeddable":true,"href":"https:\/\/www.diabsite.de\/diabetes-weblog\/wp-json\/wp\/v2\/tags?post=52907"}],"curies":[{"name":"wp","href":"https:\/\/api.w.org\/{rel}","templated":true}]}}