{"id":52871,"date":"2019-11-09T15:20:42","date_gmt":"2019-11-09T14:20:42","guid":{"rendered":"https:\/\/www.diabsite.de\/diabetes-weblog\/?p=52871"},"modified":"2019-11-10T17:27:43","modified_gmt":"2019-11-10T16:27:43","slug":"lasst-uns-uber-1-reden","status":"publish","type":"post","link":"https:\/\/www.diabsite.de\/diabetes-weblog\/2019\/11\/09\/lasst-uns-uber-1-reden\/","title":{"rendered":"&#8222;LASST UNS \u00dcBER 1 REDEN&#8220;"},"content":{"rendered":"<p><a href=\"https:\/\/www.diabsite.de\/aktuelles\/nachrichten\/2019\/191109.html\" target=\"_blank\" class=\"ds\" title=\"zur Nachricht (neues Fenster)\"><img loading=\"lazy\" decoding=\"async\" class=\"alignright\" src=\"https:\/\/www.diabsite.de\/diabetes-weblog\/wp-content\/images\/2019\/191109.jpg\" width=\"150\" height=\"94\" alt=\"Logo der Kampagne 'A World Without 1'\" \/><\/a> Neue Kampagne f\u00f6rdert den Dialog \u00fcber Typ-1-Diabetes: Ab dem 10. November f\u00fchrt das Institut f\u00fcr Diabetesforschung des Helmholtz Zentrums M\u00fcnchen anl\u00e4sslich des Weltdiabetestags&nbsp;2019 (14.&nbsp;November) eine Dialogkampagne unter dem Motto &#8222;LASST UNS \u00dcBER&nbsp;1 REDEN&#8220; durch. Ziel ist es, mehr Bewusstsein f\u00fcr Typ-1-Diabetes in der Allgemeinbev\u00f6lkerung zu schaffen und den Dialog rund um die Autoimmunerkrankung weiter zu f\u00f6rdern. Die Kampagne ist eine Fortsetzung einer Awareness-Kampagne, die im Fr\u00fchjahr&nbsp;2019 unter dem Dach der Forschungsinitiative &#8222;A&nbsp;World Without&nbsp;1&#8220; mit Gro\u00dffl\u00e4chen-Plakaten und auf Infoscreens deutschlandweit Millionen von Menschen auf Typ-1-Diabetes aufmerksam machte. <a href=\"https:\/\/www.diabsite.de\/aktuelles\/nachrichten\/2019\/191109.html\" target=\"_blank\" class=\"ds\" title=\"zur Nachricht (neues Fenster)\">Nachricht lesen<\/a><\/p>\n","protected":false},"excerpt":{"rendered":"<p>Neue Kampagne f\u00f6rdert den Dialog \u00fcber Typ-1-Diabetes: Ab dem 10. November f\u00fchrt das Institut f\u00fcr Diabetesforschung des Helmholtz Zentrums M\u00fcnchen anl\u00e4sslich des Weltdiabetestags&nbsp;2019 (14.&nbsp;November) eine Dialogkampagne unter dem Motto &#8222;LASST UNS \u00dcBER&nbsp;1 REDEN&#8220; durch. Ziel ist es, mehr Bewusstsein f\u00fcr Typ-1-Diabetes in der Allgemeinbev\u00f6lkerung zu schaffen und den Dialog rund um die Autoimmunerkrankung weiter zu [&hellip;]<\/p>\n","protected":false},"author":4,"featured_media":0,"comment_status":"open","ping_status":"closed","sticky":false,"template":"","format":"standard","meta":{"footnotes":""},"categories":[2],"tags":[1935,4983,394,588],"_links":{"self":[{"href":"https:\/\/www.diabsite.de\/diabetes-weblog\/wp-json\/wp\/v2\/posts\/52871"}],"collection":[{"href":"https:\/\/www.diabsite.de\/diabetes-weblog\/wp-json\/wp\/v2\/posts"}],"about":[{"href":"https:\/\/www.diabsite.de\/diabetes-weblog\/wp-json\/wp\/v2\/types\/post"}],"author":[{"embeddable":true,"href":"https:\/\/www.diabsite.de\/diabetes-weblog\/wp-json\/wp\/v2\/users\/4"}],"replies":[{"embeddable":true,"href":"https:\/\/www.diabsite.de\/diabetes-weblog\/wp-json\/wp\/v2\/comments?post=52871"}],"version-history":[{"count":3,"href":"https:\/\/www.diabsite.de\/diabetes-weblog\/wp-json\/wp\/v2\/posts\/52871\/revisions"}],"predecessor-version":[{"id":52874,"href":"https:\/\/www.diabsite.de\/diabetes-weblog\/wp-json\/wp\/v2\/posts\/52871\/revisions\/52874"}],"wp:attachment":[{"href":"https:\/\/www.diabsite.de\/diabetes-weblog\/wp-json\/wp\/v2\/media?parent=52871"}],"wp:term":[{"taxonomy":"category","embeddable":true,"href":"https:\/\/www.diabsite.de\/diabetes-weblog\/wp-json\/wp\/v2\/categories?post=52871"},{"taxonomy":"post_tag","embeddable":true,"href":"https:\/\/www.diabsite.de\/diabetes-weblog\/wp-json\/wp\/v2\/tags?post=52871"}],"curies":[{"name":"wp","href":"https:\/\/api.w.org\/{rel}","templated":true}]}}