{"id":52836,"date":"2019-11-05T15:50:48","date_gmt":"2019-11-05T13:50:48","guid":{"rendered":"https:\/\/www.diabsite.de\/diabetes-weblog\/?p=52836"},"modified":"2019-11-05T22:06:00","modified_gmt":"2019-11-05T20:06:00","slug":"weltdiabetestag-2019","status":"publish","type":"post","link":"https:\/\/www.diabsite.de\/diabetes-weblog\/2019\/11\/05\/weltdiabetestag-2019\/","title":{"rendered":"Weltdiabetestag 2019"},"content":{"rendered":"<p>Aufkl\u00e4rungsinitiative zum diabetischen Makula\u00f6dem bietet ausf\u00fchrliche Informationen und f\u00f6rdert den Austausch von Patienten und Angeh\u00f6rigen: Weltweit sind etwa 382 Millionen Menschen von Diabetes mellitus betroffen. Diese Zahl wird sich in den n\u00e4chsten Jahren drastisch erh\u00f6hen: Experten erwarten, dass bis zum Jahr 2035 etwa 592&nbsp;Millionen Menschen mit der sogenannten &#8222;Zuckerkrankheit&#8220; leben m\u00fcssen. Alleine in Deutschland gibt es \u00fcber 6&nbsp;Millionen Menschen mit Diabetes&nbsp;&#8211; Tendenz aufgrund der demografischen Entwicklung steigend. Der Weltdiabetestag macht jedes Jahr am 14.&nbsp;November auf die chronische Stoffwechselerkrankung aufmerksam und m\u00f6chte Betroffene, Angeh\u00f6rige und Interessierte weltweit dar\u00fcber aufkl\u00e4ren. Denn ein dauerhaft erh\u00f6hter Blutzuckerspiegel hat negative Folgen auf den gesamten K\u00f6rper. <a href=\"https:\/\/www.diabsite.de\/aktuelles\/nachrichten\/2019\/191105.html\" target=\"_blank\" class=\"ds\" title=\"zur Nachricht (neues Fenster)\">Nachricht lesen<\/a><\/p>\n<p>Das k\u00f6nnte sie auch interessieren:<\/p>\n<p>&#8211; <a href=\"https:\/\/www.diabsite.de\/themen\/komplikationen\/augen\/index.html\" target=\"_blank\" class=\"ds\" title=\"neues Fenster\">Diabetes und Augen<\/a> &#8211; Ein Schwerpunktthema auf dem Diabetes-Portal DiabSite.<br \/>\n&#8211; <a href=\"https:\/\/www.diabsite.de\/aktionen\/weltdiabetestag\/weltdiabetestag.html\" target=\"_blank\" class=\"ds\" title=\"neues Fenster\">Das Wichtigste zum Weltdiabetestag<\/a> &#8211; Basisinformationen zum World Diabetes Day auf der DiabSite.<\/p>\n","protected":false},"excerpt":{"rendered":"<p>Aufkl\u00e4rungsinitiative zum diabetischen Makula\u00f6dem bietet ausf\u00fchrliche Informationen und f\u00f6rdert den Austausch von Patienten und Angeh\u00f6rigen: Weltweit sind etwa 382 Millionen Menschen von Diabetes mellitus betroffen. Diese Zahl wird sich in den n\u00e4chsten Jahren drastisch erh\u00f6hen: Experten erwarten, dass bis zum Jahr 2035 etwa 592&nbsp;Millionen Menschen mit der sogenannten &#8222;Zuckerkrankheit&#8220; leben m\u00fcssen. Alleine in Deutschland gibt [&hellip;]<\/p>\n","protected":false},"author":4,"featured_media":0,"comment_status":"open","ping_status":"closed","sticky":false,"template":"","format":"standard","meta":{"footnotes":""},"categories":[2],"tags":[252,781,24,7358,588],"_links":{"self":[{"href":"https:\/\/www.diabsite.de\/diabetes-weblog\/wp-json\/wp\/v2\/posts\/52836"}],"collection":[{"href":"https:\/\/www.diabsite.de\/diabetes-weblog\/wp-json\/wp\/v2\/posts"}],"about":[{"href":"https:\/\/www.diabsite.de\/diabetes-weblog\/wp-json\/wp\/v2\/types\/post"}],"author":[{"embeddable":true,"href":"https:\/\/www.diabsite.de\/diabetes-weblog\/wp-json\/wp\/v2\/users\/4"}],"replies":[{"embeddable":true,"href":"https:\/\/www.diabsite.de\/diabetes-weblog\/wp-json\/wp\/v2\/comments?post=52836"}],"version-history":[{"count":3,"href":"https:\/\/www.diabsite.de\/diabetes-weblog\/wp-json\/wp\/v2\/posts\/52836\/revisions"}],"predecessor-version":[{"id":52839,"href":"https:\/\/www.diabsite.de\/diabetes-weblog\/wp-json\/wp\/v2\/posts\/52836\/revisions\/52839"}],"wp:attachment":[{"href":"https:\/\/www.diabsite.de\/diabetes-weblog\/wp-json\/wp\/v2\/media?parent=52836"}],"wp:term":[{"taxonomy":"category","embeddable":true,"href":"https:\/\/www.diabsite.de\/diabetes-weblog\/wp-json\/wp\/v2\/categories?post=52836"},{"taxonomy":"post_tag","embeddable":true,"href":"https:\/\/www.diabsite.de\/diabetes-weblog\/wp-json\/wp\/v2\/tags?post=52836"}],"curies":[{"name":"wp","href":"https:\/\/api.w.org\/{rel}","templated":true}]}}