{"id":52675,"date":"2019-10-27T10:11:27","date_gmt":"2019-10-27T08:11:27","guid":{"rendered":"https:\/\/www.diabsite.de\/diabetes-weblog\/?p=52675"},"modified":"2019-10-27T14:21:34","modified_gmt":"2019-10-27T12:21:34","slug":"zeitumstellung-mit-diabetes","status":"publish","type":"post","link":"https:\/\/www.diabsite.de\/diabetes-weblog\/2019\/10\/27\/zeitumstellung-mit-diabetes\/","title":{"rendered":"Zeitumstellung mit Diabetes"},"content":{"rendered":"<p><img loading=\"lazy\" decoding=\"async\" class=\"alignright\" src=\"https:\/\/www.diabsite.de\/diabetes-weblog\/wp-content\/images\/diabetes\/zeitumstellung-zurueck.gif\" width=\"150\" height=\"150\" alt=\"Willkommen in der Winterzeit!\" \/> Willkommen in der Winterzeit! Heute Nacht um 3&nbsp;Uhr war es wieder soweit. Sie Uhren wurden um eine Stunde zur\u00fcckgestellt. Es gilt wieder die Mitteleurop\u00e4ische Zeit&nbsp;(MEZ) oder Normalzeit. Damit wird es morgens fr\u00fcher hell und abends eher dunkel. Eigentlich wollte die EU-Kommission die Uhr 2019 zum letzten Mal umstellen, aber man konnte sich noch nicht einigen. Deshalb haben wir heute unsere Armband- und K\u00fcchenuhr, den Wecker, die Zahnputzuhr und sonstige Timer (z.&nbsp;B. den der Heizung) eine Stunde zur\u00fcck gestellt. F\u00fcr Menschen mit Diabetes kommen noch ein paar Ger\u00e4te hinzu. Bei Blutzuckermessger\u00e4ten, Insulinpumpen, CGM- und Flash-Glukose-Messsystemen sowie Schrittz\u00e4hlern erfolgt die Zeitumstellung von Hand. Haben wir an alles gedacht? Fallen Ihnen weitere analoge Ger\u00e4te f\u00fcr Diabetiker ein, schreiben Sie uns eine <a href=\"mailto:redaktion@diabsite.de\">E-Mail<\/a>. Das DiabSite-Team freut sich darauf. Nun w\u00fcnschen wir Ihnen ein gutes Ankommen in der Winter-\/Normalzeit und einen sch\u00f6nen Sonntag!<\/p>\n","protected":false},"excerpt":{"rendered":"<p>Willkommen in der Winterzeit! Heute Nacht um 3&nbsp;Uhr war es wieder soweit. Sie Uhren wurden um eine Stunde zur\u00fcckgestellt. Es gilt wieder die Mitteleurop\u00e4ische Zeit&nbsp;(MEZ) oder Normalzeit. Damit wird es morgens fr\u00fcher hell und abends eher dunkel. Eigentlich wollte die EU-Kommission die Uhr 2019 zum letzten Mal umstellen, aber man konnte sich noch nicht einigen. [&hellip;]<\/p>\n","protected":false},"author":4,"featured_media":0,"comment_status":"open","ping_status":"closed","sticky":false,"template":"","format":"standard","meta":{"footnotes":""},"categories":[1],"tags":[197,24,30,852,297,1141,1140,45],"_links":{"self":[{"href":"https:\/\/www.diabsite.de\/diabetes-weblog\/wp-json\/wp\/v2\/posts\/52675"}],"collection":[{"href":"https:\/\/www.diabsite.de\/diabetes-weblog\/wp-json\/wp\/v2\/posts"}],"about":[{"href":"https:\/\/www.diabsite.de\/diabetes-weblog\/wp-json\/wp\/v2\/types\/post"}],"author":[{"embeddable":true,"href":"https:\/\/www.diabsite.de\/diabetes-weblog\/wp-json\/wp\/v2\/users\/4"}],"replies":[{"embeddable":true,"href":"https:\/\/www.diabsite.de\/diabetes-weblog\/wp-json\/wp\/v2\/comments?post=52675"}],"version-history":[{"count":2,"href":"https:\/\/www.diabsite.de\/diabetes-weblog\/wp-json\/wp\/v2\/posts\/52675\/revisions"}],"predecessor-version":[{"id":52677,"href":"https:\/\/www.diabsite.de\/diabetes-weblog\/wp-json\/wp\/v2\/posts\/52675\/revisions\/52677"}],"wp:attachment":[{"href":"https:\/\/www.diabsite.de\/diabetes-weblog\/wp-json\/wp\/v2\/media?parent=52675"}],"wp:term":[{"taxonomy":"category","embeddable":true,"href":"https:\/\/www.diabsite.de\/diabetes-weblog\/wp-json\/wp\/v2\/categories?post=52675"},{"taxonomy":"post_tag","embeddable":true,"href":"https:\/\/www.diabsite.de\/diabetes-weblog\/wp-json\/wp\/v2\/tags?post=52675"}],"curies":[{"name":"wp","href":"https:\/\/api.w.org\/{rel}","templated":true}]}}