{"id":52624,"date":"2019-10-22T18:41:08","date_gmt":"2019-10-22T16:41:08","guid":{"rendered":"https:\/\/www.diabsite.de\/diabetes-weblog\/?p=52624"},"modified":"2019-10-22T20:48:34","modified_gmt":"2019-10-22T18:48:34","slug":"diabetesforschung-studie-typ-1-diabetes","status":"publish","type":"post","link":"https:\/\/www.diabsite.de\/diabetes-weblog\/2019\/10\/22\/diabetesforschung-studie-typ-1-diabetes\/","title":{"rendered":"Diabetesforschung: Studie zur Fr\u00fcherkennung von Typ-1-Diabetes erreicht Meilenstein und wird fortgesetzt"},"content":{"rendered":"<p><a href=\"https:\/\/www.diabsite.de\/aktuelles\/nachrichten\/2019\/191022b.html\" target=\"_blank\" class=\"ds\" title=\"zur Nachricht (neues Fenster)\"><img loading=\"lazy\" decoding=\"async\" class=\"alignright\" src=\"https:\/\/www.diabsite.de\/diabetes-weblog\/wp-content\/images\/2019\/191022b.jpg\" width=\"150\" height=\"110\" alt=\"Melanie Huml, bayerische Staatsministerin f\u00fcr Gesundheit und Pflege\" \/><\/a> Das Institut f\u00fcr Diabetesforschung des Helmholtz Zentrums M\u00fcnchen hat im Rahmen der bayernweiten &#8222;Fr1da&#8220;-Studie zur Fr\u00fcherkennung von Typ-1-Diabetes nun 100.000&nbsp;Studienteilnahmen verzeichnet. Au\u00dferdem wird die Studie unter dem Namen &#8222;Fr1da-plus&#8220; auf eine zus\u00e4tzliche Altersgruppe erweitert: Neben 2 bis 5&nbsp;Jahren alten Kindern k\u00f6nnen ab sofort auch 9- und 10-J\u00e4hrige an der Studie teilnehmen. Schirmherrin der Fr1da-Studie ist Bayerns Gesundheitsministerin Melanie Huml. <a href=\"https:\/\/www.diabsite.de\/aktuelles\/nachrichten\/2019\/191022b.html\" target=\"_blank\" class=\"ds\" title=\"zur Nachricht (neues Fenster)\">Nachricht lesen<\/a><\/p>\n","protected":false},"excerpt":{"rendered":"<p>Das Institut f\u00fcr Diabetesforschung des Helmholtz Zentrums M\u00fcnchen hat im Rahmen der bayernweiten &#8222;Fr1da&#8220;-Studie zur Fr\u00fcherkennung von Typ-1-Diabetes nun 100.000&nbsp;Studienteilnahmen verzeichnet. Au\u00dferdem wird die Studie unter dem Namen &#8222;Fr1da-plus&#8220; auf eine zus\u00e4tzliche Altersgruppe erweitert: Neben 2 bis 5&nbsp;Jahren alten Kindern k\u00f6nnen ab sofort auch 9- und 10-J\u00e4hrige an der Studie teilnehmen. Schirmherrin der Fr1da-Studie ist [&hellip;]<\/p>\n","protected":false},"author":4,"featured_media":0,"comment_status":"open","ping_status":"closed","sticky":false,"template":"","format":"standard","meta":{"footnotes":""},"categories":[2],"tags":[308,6267,70,6235,3514,394],"_links":{"self":[{"href":"https:\/\/www.diabsite.de\/diabetes-weblog\/wp-json\/wp\/v2\/posts\/52624"}],"collection":[{"href":"https:\/\/www.diabsite.de\/diabetes-weblog\/wp-json\/wp\/v2\/posts"}],"about":[{"href":"https:\/\/www.diabsite.de\/diabetes-weblog\/wp-json\/wp\/v2\/types\/post"}],"author":[{"embeddable":true,"href":"https:\/\/www.diabsite.de\/diabetes-weblog\/wp-json\/wp\/v2\/users\/4"}],"replies":[{"embeddable":true,"href":"https:\/\/www.diabsite.de\/diabetes-weblog\/wp-json\/wp\/v2\/comments?post=52624"}],"version-history":[{"count":2,"href":"https:\/\/www.diabsite.de\/diabetes-weblog\/wp-json\/wp\/v2\/posts\/52624\/revisions"}],"predecessor-version":[{"id":52626,"href":"https:\/\/www.diabsite.de\/diabetes-weblog\/wp-json\/wp\/v2\/posts\/52624\/revisions\/52626"}],"wp:attachment":[{"href":"https:\/\/www.diabsite.de\/diabetes-weblog\/wp-json\/wp\/v2\/media?parent=52624"}],"wp:term":[{"taxonomy":"category","embeddable":true,"href":"https:\/\/www.diabsite.de\/diabetes-weblog\/wp-json\/wp\/v2\/categories?post=52624"},{"taxonomy":"post_tag","embeddable":true,"href":"https:\/\/www.diabsite.de\/diabetes-weblog\/wp-json\/wp\/v2\/tags?post=52624"}],"curies":[{"name":"wp","href":"https:\/\/api.w.org\/{rel}","templated":true}]}}