{"id":52509,"date":"2019-10-09T17:42:39","date_gmt":"2019-10-09T15:42:39","guid":{"rendered":"https:\/\/www.diabsite.de\/diabetes-weblog\/?p=52509"},"modified":"2019-10-09T22:57:58","modified_gmt":"2019-10-09T20:57:58","slug":"diabetesde-anlaesslich-bundesweiter-woche-der-seelischen-gesundheit-vom-10-bis-20102019","status":"publish","type":"post","link":"https:\/\/www.diabsite.de\/diabetes-weblog\/2019\/10\/09\/diabetesde-anlaesslich-bundesweiter-woche-der-seelischen-gesundheit-vom-10-bis-20102019\/","title":{"rendered":"diabetesDE anl\u00e4sslich bundesweiter Woche der seelischen Gesundheit vom 10. bis 20.10.2019"},"content":{"rendered":"<p><a href=\"https:\/\/www.diabsite.de\/aktuelles\/nachrichten\/2019\/191009.html\" target=\"_blank\" class=\"ds\" title=\"zur Nachricht (neues Fenster)\"><img loading=\"lazy\" decoding=\"async\" class=\"alignright\" src=\"https:\/\/www.diabsite.de\/diabetes-weblog\/wp-content\/images\/2019\/191009.jpg\" width=\"150\" height=\"216\" alt=\"Karl Lauterbach, Mediziner, Gesundheitswissenschaftler und Politiker (SPD)\" \/><\/a> Menschen mit Diabetes w\u00fcnschen mehr Austausch, Aufkl\u00e4rung und Entstigmatisierung: Einsamkeit ist ein wachsendes gesellschaftliches Ph\u00e4nomen: Laut dem Aktionsb\u00fcndnis Seelische Gesundheit geben insgesamt circa 15&nbsp;Prozent der 30- bis 60-J\u00e4hrigen in Deutschland an, darunter zu leiden. Soziale Isolation kann zum einen die Entstehung von Herzkreislauf-Erkrankungen und Depressionen beg\u00fcnstigen. Umgekehrt erh\u00f6hen diese Erkrankungen wiederum das Risiko f\u00fcr die Entwicklung eines Typ-2-Diabetes&nbsp;&#8211; ein Teufelskreis entsteht. Zudem treten psychische St\u00f6rungen bei Menschen mit Diabetes Typ&nbsp;1 oder Typ&nbsp;2 h\u00e4ufiger auf als in der Normalbev\u00f6lkerung. So sind etwa 12&nbsp;Prozent aller Betroffenen an einer klinischen Depression erkrankt, weitere 18&nbsp;Prozent f\u00fchlen sich durch eine depressive Verstimmung wie Niedergeschlagenheit, Antriebslosigkeit oder Traurigkeit belastet. Erste Ergebnisse einer aktuellen Umfrage unter Betroffenen spiegeln wider, welchen Einfluss die chronische Stoffwechselerkrankung auch auf die seelische Verfassung und soziale Integration haben kann. Darauf macht die gemeinn\u00fctzige Organisation diabetesDE&nbsp;&#8211; Deutsche Diabetes-Hilfe anl\u00e4sslich der bundesweiten Woche der seelischen Gesundheit&nbsp;2019 aufmerksam. In diesem Jahr forderten auch deutsche Politiker, darunter Karl Lauterbach, einen Regierungsbeauftragten f\u00fcr beziehungsweise gegen Einsamkeit. <a href=\"https:\/\/www.diabsite.de\/aktuelles\/nachrichten\/2019\/191009.html\" target=\"_blank\" class=\"ds\" title=\"zur Nachricht (neues Fenster)\">Nachricht lesen<\/a><\/p>\n","protected":false},"excerpt":{"rendered":"<p>Menschen mit Diabetes w\u00fcnschen mehr Austausch, Aufkl\u00e4rung und Entstigmatisierung: Einsamkeit ist ein wachsendes gesellschaftliches Ph\u00e4nomen: Laut dem Aktionsb\u00fcndnis Seelische Gesundheit geben insgesamt circa 15&nbsp;Prozent der 30- bis 60-J\u00e4hrigen in Deutschland an, darunter zu leiden. Soziale Isolation kann zum einen die Entstehung von Herzkreislauf-Erkrankungen und Depressionen beg\u00fcnstigen. Umgekehrt erh\u00f6hen diese Erkrankungen wiederum das Risiko f\u00fcr die [&hellip;]<\/p>\n","protected":false},"author":4,"featured_media":0,"comment_status":"open","ping_status":"closed","sticky":false,"template":"","format":"standard","meta":{"footnotes":""},"categories":[2],"tags":[231,806,9849,9850,9851,9848],"_links":{"self":[{"href":"https:\/\/www.diabsite.de\/diabetes-weblog\/wp-json\/wp\/v2\/posts\/52509"}],"collection":[{"href":"https:\/\/www.diabsite.de\/diabetes-weblog\/wp-json\/wp\/v2\/posts"}],"about":[{"href":"https:\/\/www.diabsite.de\/diabetes-weblog\/wp-json\/wp\/v2\/types\/post"}],"author":[{"embeddable":true,"href":"https:\/\/www.diabsite.de\/diabetes-weblog\/wp-json\/wp\/v2\/users\/4"}],"replies":[{"embeddable":true,"href":"https:\/\/www.diabsite.de\/diabetes-weblog\/wp-json\/wp\/v2\/comments?post=52509"}],"version-history":[{"count":2,"href":"https:\/\/www.diabsite.de\/diabetes-weblog\/wp-json\/wp\/v2\/posts\/52509\/revisions"}],"predecessor-version":[{"id":52511,"href":"https:\/\/www.diabsite.de\/diabetes-weblog\/wp-json\/wp\/v2\/posts\/52509\/revisions\/52511"}],"wp:attachment":[{"href":"https:\/\/www.diabsite.de\/diabetes-weblog\/wp-json\/wp\/v2\/media?parent=52509"}],"wp:term":[{"taxonomy":"category","embeddable":true,"href":"https:\/\/www.diabsite.de\/diabetes-weblog\/wp-json\/wp\/v2\/categories?post=52509"},{"taxonomy":"post_tag","embeddable":true,"href":"https:\/\/www.diabsite.de\/diabetes-weblog\/wp-json\/wp\/v2\/tags?post=52509"}],"curies":[{"name":"wp","href":"https:\/\/api.w.org\/{rel}","templated":true}]}}