{"id":52320,"date":"2019-09-27T13:12:13","date_gmt":"2019-09-27T11:12:13","guid":{"rendered":"https:\/\/www.diabsite.de\/diabetes-weblog\/?p=52320"},"modified":"2019-09-27T17:10:30","modified_gmt":"2019-09-27T15:10:30","slug":"digitale-allianz-typ2-gegruendet","status":"publish","type":"post","link":"https:\/\/www.diabsite.de\/diabetes-weblog\/2019\/09\/27\/digitale-allianz-typ2-gegruendet\/","title":{"rendered":"&#8222;Digitale Allianz Typ&nbsp;2&#8220; gegr\u00fcndet"},"content":{"rendered":"<p><a href=\"https:\/\/www.diabsite.de\/aktuelles\/nachrichten\/2019\/190927.html\" target=\"_blank\" class=\"ds\" title=\"zur Nachricht (neues Fenster)\"><img loading=\"lazy\" decoding=\"async\" class=\"alignright\" src=\"https:\/\/www.diabsite.de\/diabetes-weblog\/wp-content\/images\/2019\/190927.jpg\" width=\"120\" height=\"151\" alt=\"Dr. med. Jens Kr\u00f6ger von diabetesDE\" \/><\/a> Diabetes in Deutschland: Die L\u00fccken in Versorgung, Pr\u00e4vention und Aufkl\u00e4rung sind evident, die Patientenzahlen werden massiv ansteigen, eine nationale Diabetesstrategie ist beauftragt, wird aber bislang nicht umgesetzt und ist auch nicht im Haushalt&nbsp;2020 budgetiert&nbsp;&#8211; was ist blo\u00df mit der Politik los?! Das fragen sich kopfsch\u00fcttelnd immer mehr Patienten mit Diabetes, Angeh\u00f6rige und Risikopatienten. Laut einer aktuellen Umfrage von diabetesDE&nbsp;&#8211; Deutsche Diabetes-Hilfe mit mehr als 1500&nbsp;Menschen f\u00fchlen sich 86&nbsp;Prozent der Menschen mit Typ-2-Diabetes nicht angemessen in der Politik vertreten. Das will die neue &#8222;Digitale Allianz Typ&nbsp;2&#8220;, ein B\u00fcndnis aus 16&nbsp;Diabetesorganisationen und Fachverlagen, \u00e4ndern! Sie hat sich nun zum Ziel gesetzt, den Patienten Stimme und Volumen zu verschaffen: &#8222;Unsere gemeinsame Vision ist es, den sieben Millionen Menschen mit Diabetes eine laute Stimme zu geben, damit sie direkt auf politische Prozesse Einfluss nehmen k\u00f6nnen. Wir h\u00f6ren Menschen mit Diabetes zu und helfen, ihr Leben zu verbessern&#8220;, erl\u00e4utert Dr.&nbsp;med.&nbsp;Jens Kr\u00f6ger, Vorstandsvorsitzender von diabetesDE&nbsp;&#8211; Deutsche Diabetes-Hilfe. <a href=\"https:\/\/www.diabsite.de\/aktuelles\/nachrichten\/2019\/190927.html\" target=\"_blank\" class=\"ds\" title=\"zur Nachricht (neues Fenster)\">Nachricht lesen<\/a><\/p>\n","protected":false},"excerpt":{"rendered":"<p>Diabetes in Deutschland: Die L\u00fccken in Versorgung, Pr\u00e4vention und Aufkl\u00e4rung sind evident, die Patientenzahlen werden massiv ansteigen, eine nationale Diabetesstrategie ist beauftragt, wird aber bislang nicht umgesetzt und ist auch nicht im Haushalt&nbsp;2020 budgetiert&nbsp;&#8211; was ist blo\u00df mit der Politik los?! Das fragen sich kopfsch\u00fcttelnd immer mehr Patienten mit Diabetes, Angeh\u00f6rige und Risikopatienten. Laut einer [&hellip;]<\/p>\n","protected":false},"author":4,"featured_media":0,"comment_status":"open","ping_status":"closed","sticky":false,"template":"","format":"standard","meta":{"footnotes":""},"categories":[2],"tags":[4252,1167,2098,97,4928,92],"_links":{"self":[{"href":"https:\/\/www.diabsite.de\/diabetes-weblog\/wp-json\/wp\/v2\/posts\/52320"}],"collection":[{"href":"https:\/\/www.diabsite.de\/diabetes-weblog\/wp-json\/wp\/v2\/posts"}],"about":[{"href":"https:\/\/www.diabsite.de\/diabetes-weblog\/wp-json\/wp\/v2\/types\/post"}],"author":[{"embeddable":true,"href":"https:\/\/www.diabsite.de\/diabetes-weblog\/wp-json\/wp\/v2\/users\/4"}],"replies":[{"embeddable":true,"href":"https:\/\/www.diabsite.de\/diabetes-weblog\/wp-json\/wp\/v2\/comments?post=52320"}],"version-history":[{"count":5,"href":"https:\/\/www.diabsite.de\/diabetes-weblog\/wp-json\/wp\/v2\/posts\/52320\/revisions"}],"predecessor-version":[{"id":52325,"href":"https:\/\/www.diabsite.de\/diabetes-weblog\/wp-json\/wp\/v2\/posts\/52320\/revisions\/52325"}],"wp:attachment":[{"href":"https:\/\/www.diabsite.de\/diabetes-weblog\/wp-json\/wp\/v2\/media?parent=52320"}],"wp:term":[{"taxonomy":"category","embeddable":true,"href":"https:\/\/www.diabsite.de\/diabetes-weblog\/wp-json\/wp\/v2\/categories?post=52320"},{"taxonomy":"post_tag","embeddable":true,"href":"https:\/\/www.diabsite.de\/diabetes-weblog\/wp-json\/wp\/v2\/tags?post=52320"}],"curies":[{"name":"wp","href":"https:\/\/api.w.org\/{rel}","templated":true}]}}