{"id":52280,"date":"2019-09-25T19:08:16","date_gmt":"2019-09-25T17:08:16","guid":{"rendered":"https:\/\/www.diabsite.de\/diabetes-weblog\/?p=52280"},"modified":"2019-09-25T23:11:08","modified_gmt":"2019-09-25T21:11:08","slug":"nationale-diabetes-strategie-3","status":"publish","type":"post","link":"https:\/\/www.diabsite.de\/diabetes-weblog\/2019\/09\/25\/nationale-diabetes-strategie-3\/","title":{"rendered":"Nationale Diabetes-Strategie"},"content":{"rendered":"<p>Politische Kr\u00e4fte b\u00fcndeln und wirksame Ma\u00dfnahmen implementieren: Die Vermeidung von chronischen Krankheiten, die durch den Lebensstil, durch Umwelt- und Arbeitsbedingungen und die soziale Lage bedingt oder beeinflussbar sind, und die gute Versorgung von chronisch kranken Menschen haben eine hohe gesundheitspolitische Priorit\u00e4t. Mit dem Koalitionsvertrag haben sich CDU, CSU und SPD deshalb verpflichtet, verst\u00e4rkt gegen sogenannte Volkskrankheiten vorzugehen und dazu auch eine Nationale Diabetes-Strategie zu initiieren. Als Fachpolitikerinnen und Fachpolitiker der Koalitionsfraktionen im Bundestag beraten wir derzeit die wesentlichen Bestandteile, die eine Nationale Diabetes-Strategie der Bundesregierung aus unserer Sicht haben sollte. Dem Ergebnis unserer Beratungen kann und m\u00f6chte ich nicht vorgreifen. <a href=\"https:\/\/www.diabsite.de\/aktuelles\/nachrichten\/2019\/190925b.html\" target=\"_blank\" class=\"ds\" title=\"zur Nachricht (neues Fenster)\">Nachricht lesen<\/a><\/p>\n","protected":false},"excerpt":{"rendered":"<p>Politische Kr\u00e4fte b\u00fcndeln und wirksame Ma\u00dfnahmen implementieren: Die Vermeidung von chronischen Krankheiten, die durch den Lebensstil, durch Umwelt- und Arbeitsbedingungen und die soziale Lage bedingt oder beeinflussbar sind, und die gute Versorgung von chronisch kranken Menschen haben eine hohe gesundheitspolitische Priorit\u00e4t. Mit dem Koalitionsvertrag haben sich CDU, CSU und SPD deshalb verpflichtet, verst\u00e4rkt gegen sogenannte [&hellip;]<\/p>\n","protected":false},"author":4,"featured_media":0,"comment_status":"open","ping_status":"closed","sticky":false,"template":"","format":"standard","meta":{"footnotes":""},"categories":[2],"tags":[892,9304,2139,272,9812,8029,226],"_links":{"self":[{"href":"https:\/\/www.diabsite.de\/diabetes-weblog\/wp-json\/wp\/v2\/posts\/52280"}],"collection":[{"href":"https:\/\/www.diabsite.de\/diabetes-weblog\/wp-json\/wp\/v2\/posts"}],"about":[{"href":"https:\/\/www.diabsite.de\/diabetes-weblog\/wp-json\/wp\/v2\/types\/post"}],"author":[{"embeddable":true,"href":"https:\/\/www.diabsite.de\/diabetes-weblog\/wp-json\/wp\/v2\/users\/4"}],"replies":[{"embeddable":true,"href":"https:\/\/www.diabsite.de\/diabetes-weblog\/wp-json\/wp\/v2\/comments?post=52280"}],"version-history":[{"count":2,"href":"https:\/\/www.diabsite.de\/diabetes-weblog\/wp-json\/wp\/v2\/posts\/52280\/revisions"}],"predecessor-version":[{"id":52282,"href":"https:\/\/www.diabsite.de\/diabetes-weblog\/wp-json\/wp\/v2\/posts\/52280\/revisions\/52282"}],"wp:attachment":[{"href":"https:\/\/www.diabsite.de\/diabetes-weblog\/wp-json\/wp\/v2\/media?parent=52280"}],"wp:term":[{"taxonomy":"category","embeddable":true,"href":"https:\/\/www.diabsite.de\/diabetes-weblog\/wp-json\/wp\/v2\/categories?post=52280"},{"taxonomy":"post_tag","embeddable":true,"href":"https:\/\/www.diabsite.de\/diabetes-weblog\/wp-json\/wp\/v2\/tags?post=52280"}],"curies":[{"name":"wp","href":"https:\/\/api.w.org\/{rel}","templated":true}]}}