{"id":52234,"date":"2019-09-22T19:24:12","date_gmt":"2019-09-22T17:24:12","guid":{"rendered":"https:\/\/www.diabsite.de\/diabetes-weblog\/?p=52234"},"modified":"2019-09-22T22:40:17","modified_gmt":"2019-09-22T20:40:17","slug":"klassischer-obatzter-mit-paprika","status":"publish","type":"post","link":"https:\/\/www.diabsite.de\/diabetes-weblog\/2019\/09\/22\/klassischer-obatzter-mit-paprika\/","title":{"rendered":"Klassischer Obatzter mit Paprika"},"content":{"rendered":"<p><a href=\"https:\/\/www.diabsite.de\/ernaehrung\/rezepte\/klassischer-obatzter-paprika.html\" target=\"_blank\" class=\"ds\" title=\"zum Rezept\"><img loading=\"lazy\" decoding=\"async\" class=\"alignright\" src=\"https:\/\/www.diabsite.de\/diabetes-weblog\/wp-content\/images\/2019\/klassischer-obatzter.jpg\" width=\"200\" height=\"267\" alt=\"Klassischer Obatzter mit Paprika\" \/><\/a> &#8222;O&#8217;zapft is!&#8220; Am gestrigen Samstag hat M\u00fcnchens Oberb\u00fcrgermeister Dieter Reiter (SPD) das erste Fass Bier mit nur zwei Schl\u00e4gen angezapft und damit Deutschlands gr\u00f6\u00dftes Volksfest er\u00f6ffnet. F\u00fcr viele Diabetiker und Nicht-Diabetiker geh\u00f6rt auf der Wies&#8217;n oder im Biergarten ein z\u00fcnftiger Obatzter dazu. Unser heutiger Rezeptvorschlag ist deshalb ein <a href=\"https:\/\/www.diabsite.de\/ernaehrung\/rezepte\/klassischer-obatzter-paprika.html\" target=\"_blank\" class=\"ds\" title=\"zum Rezept\">Klassischer Obatzter mit Paprika<\/a>. Trotz des hohen Fettgehalts ist unser Obatzter auch f\u00fcr Diabetiker und Figurbewusste geeignet. Weitere Rezepte f\u00fcr die Wies&#8217;n, z.&nbsp;B. ein <a href=\"https:\/\/www.diabsite.de\/ernaehrung\/rezepte\/knuspriges-brathendl-gurkensalat.html\" target=\"_blank\" title=\"zum Rezept\">Knuspriges Brathendl mit Gurkensalat<\/a>, finden Sie wie \u00fcblich mit allen wichtigen N\u00e4hrwerten und BE-Angabe in der <a href=\"https:\/\/www.diabsite.de\/ernaehrung\/rezepte\/index.html\" target=\"_blank\" title=\"zur Rezept\u00fcbersicht\">DiabSite-Rezeptdatenbank<\/a>. Auch viele Menschen mit Diabetes hat das Oktoberfest-Fieber erfasst. Damit sie ohne schwankende Blutzuckerwerte schunkeln k\u00f6nnen, empfehlen wir h\u00e4ufigere Kontrollen. Allen M\u00fcnchnern und Zugereisten w\u00fcnschen wir eine riesen Gaudi beim Oktoberfest und einen recht guten Appetit!<\/p>\n","protected":false},"excerpt":{"rendered":"<p>&#8222;O&#8217;zapft is!&#8220; Am gestrigen Samstag hat M\u00fcnchens Oberb\u00fcrgermeister Dieter Reiter (SPD) das erste Fass Bier mit nur zwei Schl\u00e4gen angezapft und damit Deutschlands gr\u00f6\u00dftes Volksfest er\u00f6ffnet. F\u00fcr viele Diabetiker und Nicht-Diabetiker geh\u00f6rt auf der Wies&#8217;n oder im Biergarten ein z\u00fcnftiger Obatzter dazu. Unser heutiger Rezeptvorschlag ist deshalb ein Klassischer Obatzter mit Paprika. Trotz des hohen [&hellip;]<\/p>\n","protected":false},"author":4,"featured_media":0,"comment_status":"open","ping_status":"closed","sticky":false,"template":"","format":"standard","meta":{"footnotes":""},"categories":[3],"tags":[173,9801,30,2501,2622,949,9802,10423,4134],"_links":{"self":[{"href":"https:\/\/www.diabsite.de\/diabetes-weblog\/wp-json\/wp\/v2\/posts\/52234"}],"collection":[{"href":"https:\/\/www.diabsite.de\/diabetes-weblog\/wp-json\/wp\/v2\/posts"}],"about":[{"href":"https:\/\/www.diabsite.de\/diabetes-weblog\/wp-json\/wp\/v2\/types\/post"}],"author":[{"embeddable":true,"href":"https:\/\/www.diabsite.de\/diabetes-weblog\/wp-json\/wp\/v2\/users\/4"}],"replies":[{"embeddable":true,"href":"https:\/\/www.diabsite.de\/diabetes-weblog\/wp-json\/wp\/v2\/comments?post=52234"}],"version-history":[{"count":3,"href":"https:\/\/www.diabsite.de\/diabetes-weblog\/wp-json\/wp\/v2\/posts\/52234\/revisions"}],"predecessor-version":[{"id":52237,"href":"https:\/\/www.diabsite.de\/diabetes-weblog\/wp-json\/wp\/v2\/posts\/52234\/revisions\/52237"}],"wp:attachment":[{"href":"https:\/\/www.diabsite.de\/diabetes-weblog\/wp-json\/wp\/v2\/media?parent=52234"}],"wp:term":[{"taxonomy":"category","embeddable":true,"href":"https:\/\/www.diabsite.de\/diabetes-weblog\/wp-json\/wp\/v2\/categories?post=52234"},{"taxonomy":"post_tag","embeddable":true,"href":"https:\/\/www.diabsite.de\/diabetes-weblog\/wp-json\/wp\/v2\/tags?post=52234"}],"curies":[{"name":"wp","href":"https:\/\/api.w.org\/{rel}","templated":true}]}}