{"id":52125,"date":"2019-09-13T16:40:06","date_gmt":"2019-09-13T14:40:06","guid":{"rendered":"https:\/\/www.diabsite.de\/diabetes-weblog\/?p=52125"},"modified":"2019-09-14T21:11:17","modified_gmt":"2019-09-14T19:11:17","slug":"forsa-umfrage-fur-schleswig-holstein-auf-aok-tag-vorgestellt","status":"publish","type":"post","link":"https:\/\/www.diabsite.de\/diabetes-weblog\/2019\/09\/13\/forsa-umfrage-fur-schleswig-holstein-auf-aok-tag-vorgestellt\/","title":{"rendered":"forsa-Umfrage f\u00fcr Schleswig-Holstein auf AOK-Tag vorgestellt"},"content":{"rendered":"<p>Landbev\u00f6lkerung nimmt eine zunehmend schlechtere Gesundheitsversorgung wahr: Eine Verschlechterung der Versorgung mit Haus-, Fach- und Kinder\u00e4rzten sowie Krankenh\u00e4usern nehmen vor allem Menschen kleinerer und mittlerer St\u00e4dte und Gemeinden in Schleswig-Holstein wahr. Das zeigt eine von der AOK&nbsp;NORDWEST am 10.&nbsp;September in Kiel ver\u00f6ffentlichte repr\u00e4sentative forsa-Umfrage. Anl\u00e4sslich des AOK-Tags der Selbstverwaltung diskutierten vor diesem Hintergrund die ehrenamtlich t\u00e4tigen Arbeitgeber- und Versichertenvertreter des AOK-Verwaltungsrats und Regionalbeir\u00e4te mit namhaften Experten aus Politik und dem Gesundheitswesen \u00fcber m\u00f6gliche L\u00f6sungsans\u00e4tze im n\u00f6rdlichsten Bundesland. &#8222;Die Gesundheitsversorgung ist ein zentrales gesellschaftspolitisches Thema. Dabei m\u00fcssen die Bed\u00fcrfnisse der Bev\u00f6lkerung auf dem Land st\u00e4rker in den Fokus r\u00fccken und innovative Versorgungsans\u00e4tze ausgeweitet werden&#8220;, erkl\u00e4rte Georg Keppeler, alternierender AOK-Verwaltungsratsvorsitzender und Versichertenvertreter. <a href=\"https:\/\/www.diabsite.de\/aktuelles\/nachrichten\/2019\/190913.html\" target=\"_blank\" class=\"ds\" title=\"zur Nachricht (neues Fenster)\">Nachricht lesen<\/a><\/p>\n","protected":false},"excerpt":{"rendered":"<p>Landbev\u00f6lkerung nimmt eine zunehmend schlechtere Gesundheitsversorgung wahr: Eine Verschlechterung der Versorgung mit Haus-, Fach- und Kinder\u00e4rzten sowie Krankenh\u00e4usern nehmen vor allem Menschen kleinerer und mittlerer St\u00e4dte und Gemeinden in Schleswig-Holstein wahr. Das zeigt eine von der AOK&nbsp;NORDWEST am 10.&nbsp;September in Kiel ver\u00f6ffentlichte repr\u00e4sentative forsa-Umfrage. Anl\u00e4sslich des AOK-Tags der Selbstverwaltung diskutierten vor diesem Hintergrund die ehrenamtlich [&hellip;]<\/p>\n","protected":false},"author":4,"featured_media":0,"comment_status":"open","ping_status":"closed","sticky":false,"template":"","format":"standard","meta":{"footnotes":""},"categories":[2],"tags":[6085,726,24,733,9771,9016,9772],"_links":{"self":[{"href":"https:\/\/www.diabsite.de\/diabetes-weblog\/wp-json\/wp\/v2\/posts\/52125"}],"collection":[{"href":"https:\/\/www.diabsite.de\/diabetes-weblog\/wp-json\/wp\/v2\/posts"}],"about":[{"href":"https:\/\/www.diabsite.de\/diabetes-weblog\/wp-json\/wp\/v2\/types\/post"}],"author":[{"embeddable":true,"href":"https:\/\/www.diabsite.de\/diabetes-weblog\/wp-json\/wp\/v2\/users\/4"}],"replies":[{"embeddable":true,"href":"https:\/\/www.diabsite.de\/diabetes-weblog\/wp-json\/wp\/v2\/comments?post=52125"}],"version-history":[{"count":2,"href":"https:\/\/www.diabsite.de\/diabetes-weblog\/wp-json\/wp\/v2\/posts\/52125\/revisions"}],"predecessor-version":[{"id":52127,"href":"https:\/\/www.diabsite.de\/diabetes-weblog\/wp-json\/wp\/v2\/posts\/52125\/revisions\/52127"}],"wp:attachment":[{"href":"https:\/\/www.diabsite.de\/diabetes-weblog\/wp-json\/wp\/v2\/media?parent=52125"}],"wp:term":[{"taxonomy":"category","embeddable":true,"href":"https:\/\/www.diabsite.de\/diabetes-weblog\/wp-json\/wp\/v2\/categories?post=52125"},{"taxonomy":"post_tag","embeddable":true,"href":"https:\/\/www.diabsite.de\/diabetes-weblog\/wp-json\/wp\/v2\/tags?post=52125"}],"curies":[{"name":"wp","href":"https:\/\/api.w.org\/{rel}","templated":true}]}}