{"id":52079,"date":"2019-09-08T18:04:13","date_gmt":"2019-09-08T16:04:13","guid":{"rendered":"https:\/\/www.diabsite.de\/diabetes-weblog\/?p=52079"},"modified":"2019-09-08T22:07:32","modified_gmt":"2019-09-08T20:07:32","slug":"erster-welttag-der-patientensicherheit","status":"publish","type":"post","link":"https:\/\/www.diabsite.de\/diabetes-weblog\/2019\/09\/08\/erster-welttag-der-patientensicherheit\/","title":{"rendered":"Erster Welttag der Patientensicherheit"},"content":{"rendered":"<p>Leuchtende Bekenntnisse zur Patientensicherheit: Am 17.&nbsp;September 2019 begeht die Weltgesundheitsorganisation&nbsp;(WHO) den ersten Welttag der Patientensicherheit. Vorbild f\u00fcr die WHO-Initiative sind die vom Aktionsb\u00fcndnis Patientensicherheit&nbsp;(APS) seit 2015 allj\u00e4hrlich durchgef\u00fchrten Aktionstage. Auch dieses Jahr ruft das APS wieder zum Mitmachen auf. Ein besonderes Highlight: Weltweit werden Geb\u00e4ude und Wahrzeichen zum ersten Welttag orange erleuchtet, um mit diesen leuchtenden Bekenntnissen zur Patientensicherheit das Bewusstsein f\u00fcr dieses wichtige Thema zu sch\u00e4rfen. Das APS richtet, ma\u00dfgeblich unterst\u00fctzt vom Bundesgesundheitsministerium, am 12.&nbsp;September&nbsp;2019 in Berlin eine Auftaktveranstaltung aus, am 13.&nbsp;September&nbsp;2019 folgt eine Pressekonferenz in Berlin zum Welttag der Patientensicherheit. <a href=\"https:\/\/www.diabsite.de\/aktuelles\/nachrichten\/2019\/190908.html\" target=\"_blank\" class=\"ds\" title=\"zur Nachricht (neues Fenster)\">Nachricht lesen<\/a><\/p>\n","protected":false},"excerpt":{"rendered":"<p>Leuchtende Bekenntnisse zur Patientensicherheit: Am 17.&nbsp;September 2019 begeht die Weltgesundheitsorganisation&nbsp;(WHO) den ersten Welttag der Patientensicherheit. Vorbild f\u00fcr die WHO-Initiative sind die vom Aktionsb\u00fcndnis Patientensicherheit&nbsp;(APS) seit 2015 allj\u00e4hrlich durchgef\u00fchrten Aktionstage. Auch dieses Jahr ruft das APS wieder zum Mitmachen auf. Ein besonderes Highlight: Weltweit werden Geb\u00e4ude und Wahrzeichen zum ersten Welttag orange erleuchtet, um mit diesen [&hellip;]<\/p>\n","protected":false},"author":4,"featured_media":0,"comment_status":"open","ping_status":"closed","sticky":false,"template":"","format":"standard","meta":{"footnotes":""},"categories":[2],"tags":[8683,682,9754,4825,9423,100],"_links":{"self":[{"href":"https:\/\/www.diabsite.de\/diabetes-weblog\/wp-json\/wp\/v2\/posts\/52079"}],"collection":[{"href":"https:\/\/www.diabsite.de\/diabetes-weblog\/wp-json\/wp\/v2\/posts"}],"about":[{"href":"https:\/\/www.diabsite.de\/diabetes-weblog\/wp-json\/wp\/v2\/types\/post"}],"author":[{"embeddable":true,"href":"https:\/\/www.diabsite.de\/diabetes-weblog\/wp-json\/wp\/v2\/users\/4"}],"replies":[{"embeddable":true,"href":"https:\/\/www.diabsite.de\/diabetes-weblog\/wp-json\/wp\/v2\/comments?post=52079"}],"version-history":[{"count":2,"href":"https:\/\/www.diabsite.de\/diabetes-weblog\/wp-json\/wp\/v2\/posts\/52079\/revisions"}],"predecessor-version":[{"id":52081,"href":"https:\/\/www.diabsite.de\/diabetes-weblog\/wp-json\/wp\/v2\/posts\/52079\/revisions\/52081"}],"wp:attachment":[{"href":"https:\/\/www.diabsite.de\/diabetes-weblog\/wp-json\/wp\/v2\/media?parent=52079"}],"wp:term":[{"taxonomy":"category","embeddable":true,"href":"https:\/\/www.diabsite.de\/diabetes-weblog\/wp-json\/wp\/v2\/categories?post=52079"},{"taxonomy":"post_tag","embeddable":true,"href":"https:\/\/www.diabsite.de\/diabetes-weblog\/wp-json\/wp\/v2\/tags?post=52079"}],"curies":[{"name":"wp","href":"https:\/\/api.w.org\/{rel}","templated":true}]}}