{"id":51914,"date":"2019-08-24T18:49:00","date_gmt":"2019-08-24T16:49:00","guid":{"rendered":"https:\/\/www.diabsite.de\/diabetes-weblog\/?p=51914"},"modified":"2019-08-25T19:58:56","modified_gmt":"2019-08-25T17:58:56","slug":"neue-veranstaltungen-zum-thema-diabetes","status":"publish","type":"post","link":"https:\/\/www.diabsite.de\/diabetes-weblog\/2019\/08\/24\/neue-veranstaltungen-zum-thema-diabetes\/","title":{"rendered":"Neue Veranstaltungen zum Thema Diabetes"},"content":{"rendered":"<p>Sie m\u00f6chten sich \u00fcber neue Entwicklungen in der Diabetologie informieren oder mit anderen Diabetikern Erfahrungen austauschen? Der <a href=\"https:\/\/www.diabsite.de\/aktuelles\/termine\/index.html\" target=\"_blank\" class=\"ds\" title=\"neues Fenster\">DiabSite Diabetes-Kalender<\/a> informiert \u00fcber Veranstaltungen rund um den Diabetes mellitus. Zum Beispiel:<\/p>\n<p>&#8211; 28.08.2019 &#8211; <strong>Innsbruck, \u00d6sterreich<\/strong> &#8211; Die Wandergruppe Innsbruck l\u00e4dt ein<br \/>\n&#8211; 03.09.2019 &#8211; <strong>Frankfurt-Niederrad<\/strong> &#8211; Diabetes-Gespr\u00e4chskreis<br \/>\n&#8211; 04.09.2019 &#8211; <strong>Pforzheim<\/strong> &#8211; Mit Diabetes im Krankenhaus<\/p>\n<p>Organisatoren von Diabetikertreffen, Kongressen, Symposien etc. nutzen bitte unser <a href=\"https:\/\/www.diabsite.de\/aktuelles\/termine\/termin-eintragen.html\" target=\"_blank\" class=\"ds\" title=\"neues Fenster\">Formular<\/a> f\u00fcr den kostenfreien Eintrag. Gerne ver\u00f6ffentlichen wir Ihre Termine, weil der Informations- und Erfahrungsaustausch f\u00fcr Diabetiker und Diabetes-Experten gleicherma\u00dfen wertvoll ist.<\/p>\n","protected":false},"excerpt":{"rendered":"<p>Sie m\u00f6chten sich \u00fcber neue Entwicklungen in der Diabetologie informieren oder mit anderen Diabetikern Erfahrungen austauschen? Der DiabSite Diabetes-Kalender informiert \u00fcber Veranstaltungen rund um den Diabetes mellitus. Zum Beispiel: &#8211; 28.08.2019 &#8211; Innsbruck, \u00d6sterreich &#8211; Die Wandergruppe Innsbruck l\u00e4dt ein &#8211; 03.09.2019 &#8211; Frankfurt-Niederrad &#8211; Diabetes-Gespr\u00e4chskreis &#8211; 04.09.2019 &#8211; Pforzheim &#8211; Mit Diabetes im Krankenhaus [&hellip;]<\/p>\n","protected":false},"author":4,"featured_media":0,"comment_status":"open","ping_status":"closed","sticky":false,"template":"","format":"standard","meta":{"footnotes":""},"categories":[1],"tags":[24,30,908,717,9706,292],"_links":{"self":[{"href":"https:\/\/www.diabsite.de\/diabetes-weblog\/wp-json\/wp\/v2\/posts\/51914"}],"collection":[{"href":"https:\/\/www.diabsite.de\/diabetes-weblog\/wp-json\/wp\/v2\/posts"}],"about":[{"href":"https:\/\/www.diabsite.de\/diabetes-weblog\/wp-json\/wp\/v2\/types\/post"}],"author":[{"embeddable":true,"href":"https:\/\/www.diabsite.de\/diabetes-weblog\/wp-json\/wp\/v2\/users\/4"}],"replies":[{"embeddable":true,"href":"https:\/\/www.diabsite.de\/diabetes-weblog\/wp-json\/wp\/v2\/comments?post=51914"}],"version-history":[{"count":2,"href":"https:\/\/www.diabsite.de\/diabetes-weblog\/wp-json\/wp\/v2\/posts\/51914\/revisions"}],"predecessor-version":[{"id":51917,"href":"https:\/\/www.diabsite.de\/diabetes-weblog\/wp-json\/wp\/v2\/posts\/51914\/revisions\/51917"}],"wp:attachment":[{"href":"https:\/\/www.diabsite.de\/diabetes-weblog\/wp-json\/wp\/v2\/media?parent=51914"}],"wp:term":[{"taxonomy":"category","embeddable":true,"href":"https:\/\/www.diabsite.de\/diabetes-weblog\/wp-json\/wp\/v2\/categories?post=51914"},{"taxonomy":"post_tag","embeddable":true,"href":"https:\/\/www.diabsite.de\/diabetes-weblog\/wp-json\/wp\/v2\/tags?post=51914"}],"curies":[{"name":"wp","href":"https:\/\/api.w.org\/{rel}","templated":true}]}}