{"id":51824,"date":"2019-08-12T19:41:14","date_gmt":"2019-08-12T17:41:14","guid":{"rendered":"https:\/\/www.diabsite.de\/diabetes-weblog\/?p=51824"},"modified":"2019-08-12T21:43:34","modified_gmt":"2019-08-12T19:43:34","slug":"der-12-august-ist-kinder-ueberzuckerungstag","status":"publish","type":"post","link":"https:\/\/www.diabsite.de\/diabetes-weblog\/2019\/08\/12\/der-12-august-ist-kinder-ueberzuckerungstag\/","title":{"rendered":"Der 12. August ist &#8222;Kinder-\u00dcberzuckerungstag&#8220;"},"content":{"rendered":"<p>Kinder und Jugendliche haben bereits ihr Zucker-Limit f\u00fcr ein ganzes Jahr erreicht: Die Verbraucherorganisation foodwatch hat den 12.&nbsp;August zum &#8222;Kinder-\u00dcberzuckerungstag&#8220; erkl\u00e4rt: Kinder und Jugendliche in Deutschland haben an diesem Tag rechnerisch bereits so viel Zucker konsumiert, wie eigentlich f\u00fcr ein ganzes Jahr empfohlen wird. F\u00fcr diese Fehlern\u00e4hrung trage die Lebensmittelindustrie eine entscheidende Mitverantwortung, da Hersteller und Handel vor allem \u00fcberzuckerte Lebensmittel aggressiv an Kinder vermarkten w\u00fcrden, kritisierte foodwatch. Bundesern\u00e4hrungsministerin Julia Kl\u00f6ckner m\u00fcsse sich daher f\u00fcr Werbebeschr\u00e4nkungen einsetzen: Nur noch ausgewogene Produkte d\u00fcrften an Kinder vermarktet werden, so die foodwatch-Forderung. <a href=\"https:\/\/www.diabsite.de\/aktuelles\/nachrichten\/2019\/190812b.html\" target=\"_blank\" class=\"ds\" title=\"zur Nachricht (neues Fenster)\">Nachricht lesen<\/a><\/p>\n","protected":false},"excerpt":{"rendered":"<p>Kinder und Jugendliche haben bereits ihr Zucker-Limit f\u00fcr ein ganzes Jahr erreicht: Die Verbraucherorganisation foodwatch hat den 12.&nbsp;August zum &#8222;Kinder-\u00dcberzuckerungstag&#8220; erkl\u00e4rt: Kinder und Jugendliche in Deutschland haben an diesem Tag rechnerisch bereits so viel Zucker konsumiert, wie eigentlich f\u00fcr ein ganzes Jahr empfohlen wird. F\u00fcr diese Fehlern\u00e4hrung trage die Lebensmittelindustrie eine entscheidende Mitverantwortung, da Hersteller [&hellip;]<\/p>\n","protected":false},"author":4,"featured_media":0,"comment_status":"open","ping_status":"closed","sticky":false,"template":"","format":"standard","meta":{"footnotes":""},"categories":[2],"tags":[24,7417,28,9321,9674,282],"_links":{"self":[{"href":"https:\/\/www.diabsite.de\/diabetes-weblog\/wp-json\/wp\/v2\/posts\/51824"}],"collection":[{"href":"https:\/\/www.diabsite.de\/diabetes-weblog\/wp-json\/wp\/v2\/posts"}],"about":[{"href":"https:\/\/www.diabsite.de\/diabetes-weblog\/wp-json\/wp\/v2\/types\/post"}],"author":[{"embeddable":true,"href":"https:\/\/www.diabsite.de\/diabetes-weblog\/wp-json\/wp\/v2\/users\/4"}],"replies":[{"embeddable":true,"href":"https:\/\/www.diabsite.de\/diabetes-weblog\/wp-json\/wp\/v2\/comments?post=51824"}],"version-history":[{"count":2,"href":"https:\/\/www.diabsite.de\/diabetes-weblog\/wp-json\/wp\/v2\/posts\/51824\/revisions"}],"predecessor-version":[{"id":51826,"href":"https:\/\/www.diabsite.de\/diabetes-weblog\/wp-json\/wp\/v2\/posts\/51824\/revisions\/51826"}],"wp:attachment":[{"href":"https:\/\/www.diabsite.de\/diabetes-weblog\/wp-json\/wp\/v2\/media?parent=51824"}],"wp:term":[{"taxonomy":"category","embeddable":true,"href":"https:\/\/www.diabsite.de\/diabetes-weblog\/wp-json\/wp\/v2\/categories?post=51824"},{"taxonomy":"post_tag","embeddable":true,"href":"https:\/\/www.diabsite.de\/diabetes-weblog\/wp-json\/wp\/v2\/tags?post=51824"}],"curies":[{"name":"wp","href":"https:\/\/api.w.org\/{rel}","templated":true}]}}