{"id":51312,"date":"2019-06-15T18:43:55","date_gmt":"2019-06-15T16:43:55","guid":{"rendered":"https:\/\/www.diabsite.de\/diabetes-weblog\/?p=51312"},"modified":"2019-06-17T19:49:00","modified_gmt":"2019-06-17T17:49:00","slug":"feierliche-grundsteinlegung-fuer-neues-forschungsgebaeude-am-dife","status":"publish","type":"post","link":"https:\/\/www.diabsite.de\/diabetes-weblog\/2019\/06\/15\/feierliche-grundsteinlegung-fuer-neues-forschungsgebaeude-am-dife\/","title":{"rendered":"Feierliche Grundsteinlegung f\u00fcr neues Forschungsgeb\u00e4ude am&nbsp;DIfE"},"content":{"rendered":"<p><a href=\"https:\/\/www.diabsite.de\/aktuelles\/nachrichten\/2019\/190615.html\" target=\"_blank\" class=\"ds\" title=\"zur Nachricht (neues Fenster)\"><img loading=\"lazy\" decoding=\"async\" class=\"alignright\" src=\"https:\/\/www.diabsite.de\/diabetes-weblog\/wp-content\/images\/2019\/190615.jpg\" width=\"150\" height=\"100\" alt=\"Teilnehmer bei Grundsteinlegung f\u00fcr neues Forschungsgeb\u00e4ude des DIfE\" \/><\/a> Ern\u00e4hrungsforschung f\u00fcr die Vermeidung von Adipositas und Typ-2-Diabetes: Dr.&nbsp;Birgit Schr\u00f6der-Smeibidl und Prof.&nbsp;Tilman Grune haben am 11.&nbsp;Juni gemeinsam mit Herrn Carsten Feller, Leiter der Abteilung Wissenschaft und Forschung des Brandenburgischen Ministeriums f\u00fcr Wissenschaft, Forschung und Kultur, sowie dem Pr\u00e4sidenten der Leibniz-Gemeinschaft, Prof.&nbsp;Dr.&nbsp;Matthias Kleiner, und zahlreichen weiteren G\u00e4sten aus Wissenschaft und Politik den Grundstein f\u00fcr das neue Labor-und B\u00fcrogeb\u00e4ude des Deutschen Instituts f\u00fcr Ern\u00e4hrungsforschung Potsdam-Rehbr\u00fccke&nbsp;(DIfE) gelegt. Der Neubau bietet auf ca.&nbsp;2.600&nbsp;Quadratmetern zentrale R\u00e4umlichkeiten f\u00fcr rund 100&nbsp;Mitarbeiterinnen und Mitarbeiter. Bund und Land finanzieren das Neubauprojekt mit insgesamt 20&nbsp;Millionen&nbsp;Euro. <a href=\"https:\/\/www.diabsite.de\/aktuelles\/nachrichten\/2019\/190615.html\" target=\"_blank\" class=\"ds\" title=\"zur Nachricht (neues Fenster)\">Nachricht lesen<\/a><\/p>\n","protected":false},"excerpt":{"rendered":"<p>Ern\u00e4hrungsforschung f\u00fcr die Vermeidung von Adipositas und Typ-2-Diabetes: Dr.&nbsp;Birgit Schr\u00f6der-Smeibidl und Prof.&nbsp;Tilman Grune haben am 11.&nbsp;Juni gemeinsam mit Herrn Carsten Feller, Leiter der Abteilung Wissenschaft und Forschung des Brandenburgischen Ministeriums f\u00fcr Wissenschaft, Forschung und Kultur, sowie dem Pr\u00e4sidenten der Leibniz-Gemeinschaft, Prof.&nbsp;Dr.&nbsp;Matthias Kleiner, und zahlreichen weiteren G\u00e4sten aus Wissenschaft und Politik den Grundstein f\u00fcr das neue [&hellip;]<\/p>\n","protected":false},"author":4,"featured_media":0,"comment_status":"open","ping_status":"closed","sticky":false,"template":"","format":"standard","meta":{"footnotes":""},"categories":[2],"tags":[9500,9499,9498,92],"_links":{"self":[{"href":"https:\/\/www.diabsite.de\/diabetes-weblog\/wp-json\/wp\/v2\/posts\/51312"}],"collection":[{"href":"https:\/\/www.diabsite.de\/diabetes-weblog\/wp-json\/wp\/v2\/posts"}],"about":[{"href":"https:\/\/www.diabsite.de\/diabetes-weblog\/wp-json\/wp\/v2\/types\/post"}],"author":[{"embeddable":true,"href":"https:\/\/www.diabsite.de\/diabetes-weblog\/wp-json\/wp\/v2\/users\/4"}],"replies":[{"embeddable":true,"href":"https:\/\/www.diabsite.de\/diabetes-weblog\/wp-json\/wp\/v2\/comments?post=51312"}],"version-history":[{"count":2,"href":"https:\/\/www.diabsite.de\/diabetes-weblog\/wp-json\/wp\/v2\/posts\/51312\/revisions"}],"predecessor-version":[{"id":51314,"href":"https:\/\/www.diabsite.de\/diabetes-weblog\/wp-json\/wp\/v2\/posts\/51312\/revisions\/51314"}],"wp:attachment":[{"href":"https:\/\/www.diabsite.de\/diabetes-weblog\/wp-json\/wp\/v2\/media?parent=51312"}],"wp:term":[{"taxonomy":"category","embeddable":true,"href":"https:\/\/www.diabsite.de\/diabetes-weblog\/wp-json\/wp\/v2\/categories?post=51312"},{"taxonomy":"post_tag","embeddable":true,"href":"https:\/\/www.diabsite.de\/diabetes-weblog\/wp-json\/wp\/v2\/tags?post=51312"}],"curies":[{"name":"wp","href":"https:\/\/api.w.org\/{rel}","templated":true}]}}