{"id":51163,"date":"2019-05-30T17:29:50","date_gmt":"2019-05-30T15:29:50","guid":{"rendered":"https:\/\/www.diabsite.de\/diabetes-weblog\/?p=51163"},"modified":"2019-05-30T22:50:43","modified_gmt":"2019-05-30T20:50:43","slug":"jesper-wenzel-larsen-neuer-geschaftsfuhrer-von-novo-nordisk-deutschland","status":"publish","type":"post","link":"https:\/\/www.diabsite.de\/diabetes-weblog\/2019\/05\/30\/jesper-wenzel-larsen-neuer-geschaftsfuhrer-von-novo-nordisk-deutschland\/","title":{"rendered":"Jesper Wenzel Larsen neuer Gesch\u00e4ftsf\u00fchrer von Novo Nordisk Deutschland"},"content":{"rendered":"<p><a href=\"https:\/\/www.diabsite.de\/aktuelles\/nachrichten\/2019\/190530.html\" target=\"_blank\" class=\"ds\" title=\"zur Nachricht (neues Fenster)\"><img loading=\"lazy\" decoding=\"async\" class=\"alignright\" src=\"https:\/\/www.diabsite.de\/diabetes-weblog\/wp-content\/images\/2019\/190530.jpg\" width=\"120\" height=\"159\" alt=\"Jesper Wenzel Larsen, Gesch\u00e4ftsf\u00fchrer Novo Nordisk Deutschland\" \/><\/a> Sein Ziel: Das Leben von Menschen mit Diabetes verbessern. Der geb\u00fcrtige D\u00e4ne Jesper Wenzel Larsen ist seit 1992 in unterschiedlichen Positionen und L\u00e4ndern f\u00fcr Novo&nbsp;Nordisk t\u00e4tig. Seine Karriere startete der Diplom-Kaufmann im Bereich Finanzen und Commercial Excellence f\u00fcr die L\u00e4nder Deutschland, \u00d6sterreich und Schweiz. Zuletzt war er als Corporate Vice President f\u00fcr die Business Area North&nbsp;&amp;&nbsp;Central in der Region Europa zust\u00e4ndig. <a href=\"https:\/\/www.diabsite.de\/aktuelles\/nachrichten\/2019\/190530.html\" target=\"_blank\" class=\"ds\" title=\"zur Nachricht (neues Fenster)\">Nachricht lesen<\/a><\/p>\n","protected":false},"excerpt":{"rendered":"<p>Sein Ziel: Das Leben von Menschen mit Diabetes verbessern. Der geb\u00fcrtige D\u00e4ne Jesper Wenzel Larsen ist seit 1992 in unterschiedlichen Positionen und L\u00e4ndern f\u00fcr Novo&nbsp;Nordisk t\u00e4tig. Seine Karriere startete der Diplom-Kaufmann im Bereich Finanzen und Commercial Excellence f\u00fcr die L\u00e4nder Deutschland, \u00d6sterreich und Schweiz. Zuletzt war er als Corporate Vice President f\u00fcr die Business Area [&hellip;]<\/p>\n","protected":false},"author":4,"featured_media":0,"comment_status":"open","ping_status":"closed","sticky":false,"template":"","format":"standard","meta":{"footnotes":""},"categories":[2],"tags":[24,9432,9431,9430],"_links":{"self":[{"href":"https:\/\/www.diabsite.de\/diabetes-weblog\/wp-json\/wp\/v2\/posts\/51163"}],"collection":[{"href":"https:\/\/www.diabsite.de\/diabetes-weblog\/wp-json\/wp\/v2\/posts"}],"about":[{"href":"https:\/\/www.diabsite.de\/diabetes-weblog\/wp-json\/wp\/v2\/types\/post"}],"author":[{"embeddable":true,"href":"https:\/\/www.diabsite.de\/diabetes-weblog\/wp-json\/wp\/v2\/users\/4"}],"replies":[{"embeddable":true,"href":"https:\/\/www.diabsite.de\/diabetes-weblog\/wp-json\/wp\/v2\/comments?post=51163"}],"version-history":[{"count":3,"href":"https:\/\/www.diabsite.de\/diabetes-weblog\/wp-json\/wp\/v2\/posts\/51163\/revisions"}],"predecessor-version":[{"id":51166,"href":"https:\/\/www.diabsite.de\/diabetes-weblog\/wp-json\/wp\/v2\/posts\/51163\/revisions\/51166"}],"wp:attachment":[{"href":"https:\/\/www.diabsite.de\/diabetes-weblog\/wp-json\/wp\/v2\/media?parent=51163"}],"wp:term":[{"taxonomy":"category","embeddable":true,"href":"https:\/\/www.diabsite.de\/diabetes-weblog\/wp-json\/wp\/v2\/categories?post=51163"},{"taxonomy":"post_tag","embeddable":true,"href":"https:\/\/www.diabsite.de\/diabetes-weblog\/wp-json\/wp\/v2\/tags?post=51163"}],"curies":[{"name":"wp","href":"https:\/\/api.w.org\/{rel}","templated":true}]}}