{"id":51095,"date":"2019-05-26T11:46:56","date_gmt":"2019-05-26T09:46:56","guid":{"rendered":"https:\/\/www.diabsite.de\/diabetes-weblog\/?p=51095"},"modified":"2019-05-26T19:00:55","modified_gmt":"2019-05-26T17:00:55","slug":"diabetikerin-verlaengert-gang-zur-wahlurne","status":"publish","type":"post","link":"https:\/\/www.diabsite.de\/diabetes-weblog\/2019\/05\/26\/diabetikerin-verlaengert-gang-zur-wahlurne\/","title":{"rendered":"Diabetikerin verl\u00e4ngert Gang zur Wahlurne"},"content":{"rendered":"<p><i><a href=\"https:\/\/www.diabsite.de\/diabetes-weblog\/wp-content\/images\/2019\/wahllokal.jpg\"><img loading=\"lazy\" decoding=\"async\" class=\"alignright\" src=\"https:\/\/www.diabsite.de\/diabetes-weblog\/wp-content\/images\/2019\/_wahllokal.jpg\" width=\"200\" height=\"93\" alt=\"Zum Wahllokal\" \/><\/a> Seit 8 Uhr sind die Bundesb\u00fcrgerinnen und -b\u00fcrger aufgerufen, ihre Stimme f\u00fcr das Europaparlament abzugeben. Gew\u00e4hlt hat DiabSite-Initiatorin Helga Uphoff schon fr\u00fch. Der Weg zum Wahllokal war ihr jedoch zu kurz f\u00fcr den sonnt\u00e4glichen Walk. So machte sie einen Umweg zur Schule, in der ehrenamtliche Wahlhelfer auf sie warteten. Beim Laufen hat sie die Sonne genossen und sich \u00fcber ein besonderes Verkehrszeichen gewundert. Mehr erfahren Sie hier:<\/i><\/p>\n<p><i>Zum Vergr\u00f6\u00dfern bitte auf die Bilder klicken.<\/i><\/p>\n<p>Heute hei\u00dft es w\u00e4hlen gehen. F\u00fcr Ihre eigene Zukunft und die Ihrer Kinder und Enkelkinder. Stra\u00dfburg und Br\u00fcssel werden oft untersch\u00e4tzt. Jede Stimme z\u00e4hlt. Deshalb habe ich mich auf den Weg zum Wahllokal gemacht. Es war noch fr\u00fch, als ich nach einem l\u00e4ngeren Spaziergang dort eintraf. Ein freundlicher Wahlhelfer dr\u00fcckte mir den gefalteten Stimmzettel in die Hand. Ich klappte ihn auf und war von seiner L\u00e4nge beeindruckt. &#8222;Er ist 94 cm lang&#8220;, sagte eine Wahlhelferin und lachte. Angesichts dessen war es nicht verwunderlich, dass ich auf eine freie Wahlkabine etwas warten musste.<\/p>\n<p>Schlie\u00dflich habe ich beim W\u00e4hlen noch gelernt, dass Normalb\u00fcrger in Wahllokalen keine Fotos machen d\u00fcrfen. F\u00fcr die bekannten Filmchen von Politikern beim W\u00e4hlen sind Sondergenehmigungen erforderlich.<\/p>\n<p><a href=\"https:\/\/www.diabsite.de\/diabetes-weblog\/wp-content\/images\/2019\/achtung-fussgaenger.jpg\"><img loading=\"lazy\" decoding=\"async\" class=\"alignleft\" src=\"https:\/\/www.diabsite.de\/diabetes-weblog\/wp-content\/images\/2019\/_achtung-fussgaenger.jpg\" width=\"157\" height=\"200\" alt=\"Achtung Fu\u00dfg\u00e4nger!\" \/><\/a> Auf dem Heimweg sah ich auf der Stra\u00dfe pl\u00f6tzlich nebenstehendes Verkehrszeichen. Es mahnt Auto- und Radfahrer, auf Fu\u00dfg\u00e4nger zu achten. Die Figur ist gerade dabei, ihren Kopf zu verlieren. Der Hals fehlt. Au\u00dferdem ist sie dicker, als andernorts. Hat das Stra\u00dfenverkehrsamt hier vielleicht einen Menschen mit Typ-2-Diabetes  gemalt?<\/p>\n<p>Am Ende hatte ich meine B\u00fcrgerpflicht erf\u00fcllt und fast 5.000&nbsp;Schritte absolviert. Lassen Sie sich vom Diabetes-Portal DiabSite heute zum W\u00e4hlen und zu ein paar Extraschritten animieren. Das DiabSite-Team w\u00fcnscht Ihnen einen sch\u00f6nen Sonntag!<\/p>\n<p>Ihre Helga Uphoff<\/p>\n<p><i>Sie k\u00f6nnen diesen Beitrag kommentieren und unseren Lesern mitteilen, wie Sie sich zu mehr Bewegung motivieren.<\/i><\/p>\n","protected":false},"excerpt":{"rendered":"<p>Seit 8 Uhr sind die Bundesb\u00fcrgerinnen und -b\u00fcrger aufgerufen, ihre Stimme f\u00fcr das Europaparlament abzugeben. Gew\u00e4hlt hat DiabSite-Initiatorin Helga Uphoff schon fr\u00fch. Der Weg zum Wahllokal war ihr jedoch zu kurz f\u00fcr den sonnt\u00e4glichen Walk. So machte sie einen Umweg zur Schule, in der ehrenamtliche Wahlhelfer auf sie warteten. Beim Laufen hat sie die Sonne [&hellip;]<\/p>\n","protected":false},"author":4,"featured_media":0,"comment_status":"open","ping_status":"closed","sticky":false,"template":"","format":"standard","meta":{"footnotes":""},"categories":[23],"tags":[126,9273,3735,9420,280,9419,7608,9418],"_links":{"self":[{"href":"https:\/\/www.diabsite.de\/diabetes-weblog\/wp-json\/wp\/v2\/posts\/51095"}],"collection":[{"href":"https:\/\/www.diabsite.de\/diabetes-weblog\/wp-json\/wp\/v2\/posts"}],"about":[{"href":"https:\/\/www.diabsite.de\/diabetes-weblog\/wp-json\/wp\/v2\/types\/post"}],"author":[{"embeddable":true,"href":"https:\/\/www.diabsite.de\/diabetes-weblog\/wp-json\/wp\/v2\/users\/4"}],"replies":[{"embeddable":true,"href":"https:\/\/www.diabsite.de\/diabetes-weblog\/wp-json\/wp\/v2\/comments?post=51095"}],"version-history":[{"count":15,"href":"https:\/\/www.diabsite.de\/diabetes-weblog\/wp-json\/wp\/v2\/posts\/51095\/revisions"}],"predecessor-version":[{"id":51109,"href":"https:\/\/www.diabsite.de\/diabetes-weblog\/wp-json\/wp\/v2\/posts\/51095\/revisions\/51109"}],"wp:attachment":[{"href":"https:\/\/www.diabsite.de\/diabetes-weblog\/wp-json\/wp\/v2\/media?parent=51095"}],"wp:term":[{"taxonomy":"category","embeddable":true,"href":"https:\/\/www.diabsite.de\/diabetes-weblog\/wp-json\/wp\/v2\/categories?post=51095"},{"taxonomy":"post_tag","embeddable":true,"href":"https:\/\/www.diabsite.de\/diabetes-weblog\/wp-json\/wp\/v2\/tags?post=51095"}],"curies":[{"name":"wp","href":"https:\/\/api.w.org\/{rel}","templated":true}]}}