{"id":51076,"date":"2019-05-24T16:14:41","date_gmt":"2019-05-24T14:14:41","guid":{"rendered":"https:\/\/www.diabsite.de\/diabetes-weblog\/?p=51076"},"modified":"2019-05-24T20:24:31","modified_gmt":"2019-05-24T18:24:31","slug":"der-informierte-patient-und-die-digitalisierung-der-medizin","status":"publish","type":"post","link":"https:\/\/www.diabsite.de\/diabetes-weblog\/2019\/05\/24\/der-informierte-patient-und-die-digitalisierung-der-medizin\/","title":{"rendered":"Der informierte Patient und die Digitalisierung der Medizin"},"content":{"rendered":"<p><a href=\"https:\/\/www.diabsite.de\/aktuelles\/nachrichten\/2019\/190524.html\" target=\"_blank\" class=\"ds\" title=\"zur Nachricht (neues Fenster)\"><img loading=\"lazy\" decoding=\"async\" class=\"alignright\" src=\"https:\/\/www.diabsite.de\/diabetes-weblog\/wp-content\/images\/2019\/190524.jpg\" width=\"120\" height=\"165\" alt=\"Prof. Dr. Karl Max Einh\u00e4upl\" \/><\/a> Von den neuen M\u00f6glichkeiten in der Medizin, \u00fcber Datenschutzprobleme bis zu den gesellschaftlichen Notwendigkeiten: Wie ver\u00e4ndert die Digitalisierung den Gesundheitssektor? Wie kann die Vernetzung von Gesundheitsdaten f\u00fcr bessere Diagnoseverfahren und ma\u00dfgeschneiderte Therapiekonzepte genutzt werden? Und was macht den informierten Patienten eigentlich aus? Diese und andere Fragen thematisiert Prof.&nbsp;Dr.&nbsp;Karl Max Einh\u00e4upl, Vorstandsvorsitzender der Charit\u00e9&nbsp;&#8211; Universit\u00e4tsmedizin Berlin, in seinem Vortrag &#8222;Der informierte Patient und die Digitalisierung der Medizin&#8220;. <a href=\"https:\/\/www.diabsite.de\/aktuelles\/nachrichten\/2019\/190524.html\" target=\"_blank\" class=\"ds\" title=\"zur Nachricht (neues Fenster)\">Nachricht lesen<\/a><\/p>\n","protected":false},"excerpt":{"rendered":"<p>Von den neuen M\u00f6glichkeiten in der Medizin, \u00fcber Datenschutzprobleme bis zu den gesellschaftlichen Notwendigkeiten: Wie ver\u00e4ndert die Digitalisierung den Gesundheitssektor? Wie kann die Vernetzung von Gesundheitsdaten f\u00fcr bessere Diagnoseverfahren und ma\u00dfgeschneiderte Therapiekonzepte genutzt werden? Und was macht den informierten Patienten eigentlich aus? Diese und andere Fragen thematisiert Prof.&nbsp;Dr.&nbsp;Karl Max Einh\u00e4upl, Vorstandsvorsitzender der Charit\u00e9&nbsp;&#8211; Universit\u00e4tsmedizin Berlin, [&hellip;]<\/p>\n","protected":false},"author":4,"featured_media":0,"comment_status":"open","ping_status":"closed","sticky":false,"template":"","format":"standard","meta":{"footnotes":""},"categories":[2],"tags":[9413,12,9412,5197,6393,9410,9411],"_links":{"self":[{"href":"https:\/\/www.diabsite.de\/diabetes-weblog\/wp-json\/wp\/v2\/posts\/51076"}],"collection":[{"href":"https:\/\/www.diabsite.de\/diabetes-weblog\/wp-json\/wp\/v2\/posts"}],"about":[{"href":"https:\/\/www.diabsite.de\/diabetes-weblog\/wp-json\/wp\/v2\/types\/post"}],"author":[{"embeddable":true,"href":"https:\/\/www.diabsite.de\/diabetes-weblog\/wp-json\/wp\/v2\/users\/4"}],"replies":[{"embeddable":true,"href":"https:\/\/www.diabsite.de\/diabetes-weblog\/wp-json\/wp\/v2\/comments?post=51076"}],"version-history":[{"count":3,"href":"https:\/\/www.diabsite.de\/diabetes-weblog\/wp-json\/wp\/v2\/posts\/51076\/revisions"}],"predecessor-version":[{"id":51079,"href":"https:\/\/www.diabsite.de\/diabetes-weblog\/wp-json\/wp\/v2\/posts\/51076\/revisions\/51079"}],"wp:attachment":[{"href":"https:\/\/www.diabsite.de\/diabetes-weblog\/wp-json\/wp\/v2\/media?parent=51076"}],"wp:term":[{"taxonomy":"category","embeddable":true,"href":"https:\/\/www.diabsite.de\/diabetes-weblog\/wp-json\/wp\/v2\/categories?post=51076"},{"taxonomy":"post_tag","embeddable":true,"href":"https:\/\/www.diabsite.de\/diabetes-weblog\/wp-json\/wp\/v2\/tags?post=51076"}],"curies":[{"name":"wp","href":"https:\/\/api.w.org\/{rel}","templated":true}]}}