{"id":51058,"date":"2019-05-22T17:48:20","date_gmt":"2019-05-22T15:48:20","guid":{"rendered":"https:\/\/www.diabsite.de\/diabetes-weblog\/?p=51058"},"modified":"2019-05-23T19:38:15","modified_gmt":"2019-05-23T17:38:15","slug":"neues-zum-diabetes-kongress2019","status":"publish","type":"post","link":"https:\/\/www.diabsite.de\/diabetes-weblog\/2019\/05\/22\/neues-zum-diabetes-kongress2019\/","title":{"rendered":"Neues zum Diabetes Kongress&nbsp;2019"},"content":{"rendered":"<p><a href=\"https:\/\/www.diabsite.de\/aktuelles\/nachrichten\/2019\/190522b.html\" target=\"_blank\" class=\"ds\" title=\"zur Nachricht (neues Fenster)\"><img loading=\"lazy\" decoding=\"async\" class=\"alignright\" src=\"https:\/\/www.diabsite.de\/diabetes-weblog\/wp-content\/images\/2019\/190522b.jpg\" width=\"120\" height=\"141\" alt=\"Prof. Michael Roden, Vorstand und Wissenschaftlicher Gesch\u00e4ftsf\u00fchrer am Deutschen Diabetes-Zentrum&nbsp;(DDZ).\" \/><\/a> Unter dem Motto &#8222;Diabetes &#8211; Nicht nur eine Typ-Frage&#8220; wird vom 29.&nbsp;Mai bis zum 1.&nbsp;Juni&nbsp;2019 in Berlin \u00fcber neueste Entwicklungen der Diabetesforschung und -behandlung diskutiert. Der Diabetes Kongress zieht jedes Jahr rund 7.000 klinisch t\u00e4tige und niedergelassene \u00c4rztinnen und \u00c4rzte, Forschende sowie nicht\u00e4rztliche Mitglieder und Interessierte an. Kongresspr\u00e4sident des diesj\u00e4hrigen Diabetes Kongresses&nbsp;2019, der Jahrestagung der Deutschen Diabetes Gesellschaft&nbsp;(DDG), ist Professor Michael Roden, Vorstand und Wissenschaftlicher Gesch\u00e4ftsf\u00fchrer am Deutschen Diabetes-Zentrum&nbsp;(DDZ). <a href=\"https:\/\/www.diabsite.de\/aktuelles\/nachrichten\/2019\/190522b.html\" target=\"_blank\" class=\"ds\" title=\"zur Nachricht (neues Fenster)\">Nachricht lesen<\/a><\/p>\n","protected":false},"excerpt":{"rendered":"<p>Unter dem Motto &#8222;Diabetes &#8211; Nicht nur eine Typ-Frage&#8220; wird vom 29.&nbsp;Mai bis zum 1.&nbsp;Juni&nbsp;2019 in Berlin \u00fcber neueste Entwicklungen der Diabetesforschung und -behandlung diskutiert. Der Diabetes Kongress zieht jedes Jahr rund 7.000 klinisch t\u00e4tige und niedergelassene \u00c4rztinnen und \u00c4rzte, Forschende sowie nicht\u00e4rztliche Mitglieder und Interessierte an. Kongresspr\u00e4sident des diesj\u00e4hrigen Diabetes Kongresses&nbsp;2019, der Jahrestagung der [&hellip;]<\/p>\n","protected":false},"author":4,"featured_media":0,"comment_status":"open","ping_status":"closed","sticky":false,"template":"","format":"standard","meta":{"footnotes":""},"categories":[2],"tags":[265,9405,9406,9397],"_links":{"self":[{"href":"https:\/\/www.diabsite.de\/diabetes-weblog\/wp-json\/wp\/v2\/posts\/51058"}],"collection":[{"href":"https:\/\/www.diabsite.de\/diabetes-weblog\/wp-json\/wp\/v2\/posts"}],"about":[{"href":"https:\/\/www.diabsite.de\/diabetes-weblog\/wp-json\/wp\/v2\/types\/post"}],"author":[{"embeddable":true,"href":"https:\/\/www.diabsite.de\/diabetes-weblog\/wp-json\/wp\/v2\/users\/4"}],"replies":[{"embeddable":true,"href":"https:\/\/www.diabsite.de\/diabetes-weblog\/wp-json\/wp\/v2\/comments?post=51058"}],"version-history":[{"count":7,"href":"https:\/\/www.diabsite.de\/diabetes-weblog\/wp-json\/wp\/v2\/posts\/51058\/revisions"}],"predecessor-version":[{"id":51065,"href":"https:\/\/www.diabsite.de\/diabetes-weblog\/wp-json\/wp\/v2\/posts\/51058\/revisions\/51065"}],"wp:attachment":[{"href":"https:\/\/www.diabsite.de\/diabetes-weblog\/wp-json\/wp\/v2\/media?parent=51058"}],"wp:term":[{"taxonomy":"category","embeddable":true,"href":"https:\/\/www.diabsite.de\/diabetes-weblog\/wp-json\/wp\/v2\/categories?post=51058"},{"taxonomy":"post_tag","embeddable":true,"href":"https:\/\/www.diabsite.de\/diabetes-weblog\/wp-json\/wp\/v2\/tags?post=51058"}],"curies":[{"name":"wp","href":"https:\/\/api.w.org\/{rel}","templated":true}]}}