{"id":51051,"date":"2019-05-22T15:05:56","date_gmt":"2019-05-22T13:05:56","guid":{"rendered":"https:\/\/www.diabsite.de\/diabetes-weblog\/?p=51051"},"modified":"2019-05-22T23:17:15","modified_gmt":"2019-05-22T21:17:15","slug":"olympiasieger-matthias-steiner-sucht-das-diabetes-kids-supertalent","status":"publish","type":"post","link":"https:\/\/www.diabsite.de\/diabetes-weblog\/2019\/05\/22\/olympiasieger-matthias-steiner-sucht-das-diabetes-kids-supertalent\/","title":{"rendered":"Olympiasieger Matthias Steiner sucht das Diabetes-Kids-Supertalent"},"content":{"rendered":"<p><a href=\"https:\/\/www.diabsite.de\/aktuelles\/nachrichten\/2019\/190522.html\" target=\"_blank\" class=\"ds\" title=\"zur Nachricht (neues Fenster)\"><img loading=\"lazy\" decoding=\"async\" class=\"alignright\" src=\"https:\/\/www.diabsite.de\/diabetes-weblog\/wp-content\/images\/2019\/190522.jpg\" width=\"120\" height=\"146\" alt=\"Matthias Steiner, Diabetiker und Olympiasieger im Gewichtheben\" \/><\/a> Der\/die Gewinner\/in des Wettbewerbs &#8222;Diabetes-Kids-Supertalent&#8220; f\u00e4hrt zur Gala nach Berlin: Seit nunmehr neun Jahren veranstaltet die gemeinn\u00fctzige Organisation diabetesDE&nbsp;&#8211; Deutsche Diabetes-Hilfe die Diabetes-Charity-Gala, die die chronische Krankheit Diabetes in den Fokus der \u00d6ffentlichkeit stellt und Spenden f\u00fcr Projekte einwirbt. F\u00fcr die diesj\u00e4hrige 9.&nbsp;Diabetes-Charity-Gala am 24.&nbsp;Oktober&nbsp;2019 im TIPI am Kanzleramt sucht diabetesDE&nbsp;&#8211; Deutsche Diabetes-Hilfe unter der Schirmherrschaft von Olympiasieger Matthias Steiner, der selbst an Typ&nbsp;1 erkrankt ist, zusammen mit dem Internetportal Diabetes-Kids und der Zeitschrift Diabetes-Eltern-Journal das Supertalent unter den Diabetes-Kids. Jedes Kind mit Diabetes zwischen sechs und 14&nbsp;Jahren kann mitmachen. Egal ob Tanzen, Singen, Zaubern, Springen, Z\u00e4hlen, Akrobatik oder Malen&nbsp;&#8211; die Organisation und Matthias Steiner freuen sich \u00fcber jedes eingesendete Video (max. L\u00e4nge 3&nbsp;min.). <a href=\"https:\/\/www.diabsite.de\/aktuelles\/nachrichten\/2019\/190522.html\" target=\"_blank\" class=\"ds\" title=\"zur Nachricht (neues Fenster)\">Nachricht lesen<\/a><\/p>\n","protected":false},"excerpt":{"rendered":"<p>Der\/die Gewinner\/in des Wettbewerbs &#8222;Diabetes-Kids-Supertalent&#8220; f\u00e4hrt zur Gala nach Berlin: Seit nunmehr neun Jahren veranstaltet die gemeinn\u00fctzige Organisation diabetesDE&nbsp;&#8211; Deutsche Diabetes-Hilfe die Diabetes-Charity-Gala, die die chronische Krankheit Diabetes in den Fokus der \u00d6ffentlichkeit stellt und Spenden f\u00fcr Projekte einwirbt. F\u00fcr die diesj\u00e4hrige 9.&nbsp;Diabetes-Charity-Gala am 24.&nbsp;Oktober&nbsp;2019 im TIPI am Kanzleramt sucht diabetesDE&nbsp;&#8211; Deutsche Diabetes-Hilfe unter der [&hellip;]<\/p>\n","protected":false},"author":4,"featured_media":0,"comment_status":"open","ping_status":"closed","sticky":false,"template":"","format":"standard","meta":{"footnotes":""},"categories":[2],"tags":[682,24,9404,1000,9403],"_links":{"self":[{"href":"https:\/\/www.diabsite.de\/diabetes-weblog\/wp-json\/wp\/v2\/posts\/51051"}],"collection":[{"href":"https:\/\/www.diabsite.de\/diabetes-weblog\/wp-json\/wp\/v2\/posts"}],"about":[{"href":"https:\/\/www.diabsite.de\/diabetes-weblog\/wp-json\/wp\/v2\/types\/post"}],"author":[{"embeddable":true,"href":"https:\/\/www.diabsite.de\/diabetes-weblog\/wp-json\/wp\/v2\/users\/4"}],"replies":[{"embeddable":true,"href":"https:\/\/www.diabsite.de\/diabetes-weblog\/wp-json\/wp\/v2\/comments?post=51051"}],"version-history":[{"count":6,"href":"https:\/\/www.diabsite.de\/diabetes-weblog\/wp-json\/wp\/v2\/posts\/51051\/revisions"}],"predecessor-version":[{"id":51057,"href":"https:\/\/www.diabsite.de\/diabetes-weblog\/wp-json\/wp\/v2\/posts\/51051\/revisions\/51057"}],"wp:attachment":[{"href":"https:\/\/www.diabsite.de\/diabetes-weblog\/wp-json\/wp\/v2\/media?parent=51051"}],"wp:term":[{"taxonomy":"category","embeddable":true,"href":"https:\/\/www.diabsite.de\/diabetes-weblog\/wp-json\/wp\/v2\/categories?post=51051"},{"taxonomy":"post_tag","embeddable":true,"href":"https:\/\/www.diabsite.de\/diabetes-weblog\/wp-json\/wp\/v2\/tags?post=51051"}],"curies":[{"name":"wp","href":"https:\/\/api.w.org\/{rel}","templated":true}]}}