{"id":51023,"date":"2019-05-18T17:10:22","date_gmt":"2019-05-18T15:10:22","guid":{"rendered":"https:\/\/www.diabsite.de\/diabetes-weblog\/?p=51023"},"modified":"2019-05-18T21:19:25","modified_gmt":"2019-05-18T19:19:25","slug":"unser-internationaler-diabetes-kalender-informiert","status":"publish","type":"post","link":"https:\/\/www.diabsite.de\/diabetes-weblog\/2019\/05\/18\/unser-internationaler-diabetes-kalender-informiert\/","title":{"rendered":"Unser internationaler Diabetes-Kalender informiert"},"content":{"rendered":"<p>Wo k\u00f6nnen Diabetiker\/innen Vortr\u00e4ge h\u00f6ren oder sich mit anderen Diabetikern gemeinsam bewegen? Das verr\u00e4t die DiabSite. Auch auf Kongresse und Symposien f\u00fcr medizinische Fachkr\u00e4fte weist sie hin. In den kommenden Tagen treffen sich Menschen mit Diabetes zum Beispiel in:<\/p>\n<p>&#8211; 21.05.2019 &#8211; <strong>Wien, \u00d6sterreich<\/strong> &#8211; Tischtennis f\u00fcr Diabetiker und Angeh\u00f6rige<br \/>\n&#8211; 23.04.2019 &#8211; <strong>Rastatt<\/strong> &#8211; Ern\u00e4hrung bei Osteoporose<br \/>\n&#8211; 27.05.2019 &#8211; <strong>M\u00fcnchen<\/strong> &#8211; CGM &#8211; Antragstellung<\/p>\n<p>Weitere Veranstaltungshinweise bietet der gro\u00dfe <a href=\"https:\/\/www.diabsite.de\/aktuelles\/termine\/index.html\" target=\"_blank\" class=\"ds\" title=\"neues Fenster\">Diabetes-Kalender<\/a> der DiabSite. Viele fragen sich jedoch, ob nur im S\u00fcden etwas f\u00fcr Diabetiker angeboten wird. Das ist gewiss nicht so. Deshalb bitten wir Selbsthilfegruppen aus Schleswig-Holstein, Bremen, Nordrhein-Westfalen und anderen Regionen, ihre Termine in unser Formular einzutragen. Wir ver\u00f6ffentlichen sie dann gratis!<\/p>\n","protected":false},"excerpt":{"rendered":"<p>Wo k\u00f6nnen Diabetiker\/innen Vortr\u00e4ge h\u00f6ren oder sich mit anderen Diabetikern gemeinsam bewegen? Das verr\u00e4t die DiabSite. Auch auf Kongresse und Symposien f\u00fcr medizinische Fachkr\u00e4fte weist sie hin. In den kommenden Tagen treffen sich Menschen mit Diabetes zum Beispiel in: &#8211; 21.05.2019 &#8211; Wien, \u00d6sterreich &#8211; Tischtennis f\u00fcr Diabetiker und Angeh\u00f6rige &#8211; 23.04.2019 &#8211; Rastatt &#8211; [&hellip;]<\/p>\n","protected":false},"author":4,"featured_media":0,"comment_status":"open","ping_status":"closed","sticky":false,"template":"","format":"standard","meta":{"footnotes":""},"categories":[1],"tags":[2201,106,30,636,136,6579,81],"_links":{"self":[{"href":"https:\/\/www.diabsite.de\/diabetes-weblog\/wp-json\/wp\/v2\/posts\/51023"}],"collection":[{"href":"https:\/\/www.diabsite.de\/diabetes-weblog\/wp-json\/wp\/v2\/posts"}],"about":[{"href":"https:\/\/www.diabsite.de\/diabetes-weblog\/wp-json\/wp\/v2\/types\/post"}],"author":[{"embeddable":true,"href":"https:\/\/www.diabsite.de\/diabetes-weblog\/wp-json\/wp\/v2\/users\/4"}],"replies":[{"embeddable":true,"href":"https:\/\/www.diabsite.de\/diabetes-weblog\/wp-json\/wp\/v2\/comments?post=51023"}],"version-history":[{"count":2,"href":"https:\/\/www.diabsite.de\/diabetes-weblog\/wp-json\/wp\/v2\/posts\/51023\/revisions"}],"predecessor-version":[{"id":51026,"href":"https:\/\/www.diabsite.de\/diabetes-weblog\/wp-json\/wp\/v2\/posts\/51023\/revisions\/51026"}],"wp:attachment":[{"href":"https:\/\/www.diabsite.de\/diabetes-weblog\/wp-json\/wp\/v2\/media?parent=51023"}],"wp:term":[{"taxonomy":"category","embeddable":true,"href":"https:\/\/www.diabsite.de\/diabetes-weblog\/wp-json\/wp\/v2\/categories?post=51023"},{"taxonomy":"post_tag","embeddable":true,"href":"https:\/\/www.diabsite.de\/diabetes-weblog\/wp-json\/wp\/v2\/tags?post=51023"}],"curies":[{"name":"wp","href":"https:\/\/api.w.org\/{rel}","templated":true}]}}