{"id":50997,"date":"2019-05-15T19:30:34","date_gmt":"2019-05-15T17:30:34","guid":{"rendered":"http:\/\/www.diabsite.de\/diabetes-weblog\/?p=50997"},"modified":"2019-05-15T22:37:14","modified_gmt":"2019-05-15T20:37:14","slug":"eu-generaldirektor-besucht-greifswalder-plasmaforscher","status":"publish","type":"post","link":"https:\/\/www.diabsite.de\/diabetes-weblog\/2019\/05\/15\/eu-generaldirektor-besucht-greifswalder-plasmaforscher\/","title":{"rendered":"EU-Generaldirektor besucht Greifswalder Plasmaforscher"},"content":{"rendered":"<p>Hoher Besuch aus Br\u00fcssel: Eine Delegation um Marc Lema\u00eetre, EU-Generaldirektor f\u00fcr Regionalentwicklung und Stadtentwicklung, informierte sich am Mittwoch, dem 15.&nbsp;Mai 2019, im Leibniz-Institut f\u00fcr Plasmaforschung und Technologie&nbsp;(INP) \u00fcber aktuelle Forschungsvorhaben. Begleitet wurde der europ\u00e4ische Spitzenbeamte vom Staatssekret\u00e4r im Schweriner Ministerium f\u00fcr Wirtschaft, Arbeit und Gesundheit, Dr.&nbsp;Stefan Rudolph. Einen Schwerpunkt der Laborf\u00fchrungen bilden die von der EU und dem Land Mecklenburg-Vorpommern gef\u00f6rderten Projekte. Eines der EU-unterst\u00fctzten Verbundprojekte am Kompetenzzentrum Diabetes Karlsburg zielt auf die Entwicklung intelligenter Einlegesohlen f\u00fcr Diabetespatienten. <a href=\"https:\/\/www.diabsite.de\/aktuelles\/nachrichten\/2019\/190515.html\" target=\"_blank\" class=\"ds\" title=\"zur Nachricht (neues Fenster)\">Nachricht lesen<\/a><\/p>\n","protected":false},"excerpt":{"rendered":"<p>Hoher Besuch aus Br\u00fcssel: Eine Delegation um Marc Lema\u00eetre, EU-Generaldirektor f\u00fcr Regionalentwicklung und Stadtentwicklung, informierte sich am Mittwoch, dem 15.&nbsp;Mai 2019, im Leibniz-Institut f\u00fcr Plasmaforschung und Technologie&nbsp;(INP) \u00fcber aktuelle Forschungsvorhaben. Begleitet wurde der europ\u00e4ische Spitzenbeamte vom Staatssekret\u00e4r im Schweriner Ministerium f\u00fcr Wirtschaft, Arbeit und Gesundheit, Dr.&nbsp;Stefan Rudolph. Einen Schwerpunkt der Laborf\u00fchrungen bilden die von der [&hellip;]<\/p>\n","protected":false},"author":4,"featured_media":0,"comment_status":"open","ping_status":"closed","sticky":false,"template":"","format":"standard","meta":{"footnotes":""},"categories":[2],"tags":[24,6588,9176,9384,598,8905,9385,9386,426],"_links":{"self":[{"href":"https:\/\/www.diabsite.de\/diabetes-weblog\/wp-json\/wp\/v2\/posts\/50997"}],"collection":[{"href":"https:\/\/www.diabsite.de\/diabetes-weblog\/wp-json\/wp\/v2\/posts"}],"about":[{"href":"https:\/\/www.diabsite.de\/diabetes-weblog\/wp-json\/wp\/v2\/types\/post"}],"author":[{"embeddable":true,"href":"https:\/\/www.diabsite.de\/diabetes-weblog\/wp-json\/wp\/v2\/users\/4"}],"replies":[{"embeddable":true,"href":"https:\/\/www.diabsite.de\/diabetes-weblog\/wp-json\/wp\/v2\/comments?post=50997"}],"version-history":[{"count":2,"href":"https:\/\/www.diabsite.de\/diabetes-weblog\/wp-json\/wp\/v2\/posts\/50997\/revisions"}],"predecessor-version":[{"id":50999,"href":"https:\/\/www.diabsite.de\/diabetes-weblog\/wp-json\/wp\/v2\/posts\/50997\/revisions\/50999"}],"wp:attachment":[{"href":"https:\/\/www.diabsite.de\/diabetes-weblog\/wp-json\/wp\/v2\/media?parent=50997"}],"wp:term":[{"taxonomy":"category","embeddable":true,"href":"https:\/\/www.diabsite.de\/diabetes-weblog\/wp-json\/wp\/v2\/categories?post=50997"},{"taxonomy":"post_tag","embeddable":true,"href":"https:\/\/www.diabsite.de\/diabetes-weblog\/wp-json\/wp\/v2\/tags?post=50997"}],"curies":[{"name":"wp","href":"https:\/\/api.w.org\/{rel}","templated":true}]}}