{"id":50903,"date":"2019-05-01T10:36:29","date_gmt":"2019-05-01T08:36:29","guid":{"rendered":"http:\/\/www.diabsite.de\/diabetes-weblog\/?p=50903"},"modified":"2019-05-01T12:52:39","modified_gmt":"2019-05-01T10:52:39","slug":"1-mai-so-koennen-diabetiker-den-feiertag-nutzen","status":"publish","type":"post","link":"https:\/\/www.diabsite.de\/diabetes-weblog\/2019\/05\/01\/1-mai-so-koennen-diabetiker-den-feiertag-nutzen\/","title":{"rendered":"1. Mai &#8211; So k\u00f6nnen Diabetiker den Feiertag nutzen"},"content":{"rendered":"<p>Viele nehmen am Tag der Arbeit an einer Demonstration teil. Dabei bewegen sie sich und machen auf Missst\u00e4nde aufmerksam. F\u00fcr Bewegung sorgt auch ein Spaziergang. Den hat DiabSite-Initiatorin Helga Uphoff bereits absolviert. Ganz nebenbei feiert sie heute ein besonderes &#8222;Jubil\u00e4um&#8220;: 50 Jahre Typ-1-Diabetes. Da werden Erinnerungen wach. Keiner h\u00e4tte damals erwartet, dass ein Kind mit Diabetes so lange leben w\u00fcrde. Wie war das bei Ihnen, als Sie Diabetiker\/in wurden? Ihre Geschichte w\u00fcrden wir gerne in den <a href=\"https:\/\/www.diabsite.de\/diabetes\/stories\/index.html\" target=\"_blank\" class=\"ds\" title=\"neues Fenster\">Diab-Stories<\/a> ver\u00f6ffentlichen. Nutzen Sie den heutigen Feiertag, um sie einmal aufzuschreiben. Dann schicken Sie einfach eine E-Mail an die <a href=\"mailto:redaktion@diabsite.de\">DiabSite-Redaktion<\/a>&nbsp;&#8211; f\u00fcr direkte R\u00fcckfragen bitte mit Telefonnummer. Gut genutzt haben Sie den heutigen Tag auch, wenn Sie sich mal wieder gr\u00fcndlich auf der DiabSite umschauen. Wir w\u00fcnschen Ihnen dabei viel Spa\u00df und einen sch\u00f6nen 1.&nbsp;Mai! <\/p>\n","protected":false},"excerpt":{"rendered":"<p>Viele nehmen am Tag der Arbeit an einer Demonstration teil. Dabei bewegen sie sich und machen auf Missst\u00e4nde aufmerksam. F\u00fcr Bewegung sorgt auch ein Spaziergang. Den hat DiabSite-Initiatorin Helga Uphoff bereits absolviert. Ganz nebenbei feiert sie heute ein besonderes &#8222;Jubil\u00e4um&#8220;: 50 Jahre Typ-1-Diabetes. Da werden Erinnerungen wach. Keiner h\u00e4tte damals erwartet, dass ein Kind mit [&hellip;]<\/p>\n","protected":false},"author":4,"featured_media":0,"comment_status":"open","ping_status":"closed","sticky":false,"template":"","format":"standard","meta":{"footnotes":""},"categories":[1],"tags":[7110,494,24,30,355],"_links":{"self":[{"href":"https:\/\/www.diabsite.de\/diabetes-weblog\/wp-json\/wp\/v2\/posts\/50903"}],"collection":[{"href":"https:\/\/www.diabsite.de\/diabetes-weblog\/wp-json\/wp\/v2\/posts"}],"about":[{"href":"https:\/\/www.diabsite.de\/diabetes-weblog\/wp-json\/wp\/v2\/types\/post"}],"author":[{"embeddable":true,"href":"https:\/\/www.diabsite.de\/diabetes-weblog\/wp-json\/wp\/v2\/users\/4"}],"replies":[{"embeddable":true,"href":"https:\/\/www.diabsite.de\/diabetes-weblog\/wp-json\/wp\/v2\/comments?post=50903"}],"version-history":[{"count":2,"href":"https:\/\/www.diabsite.de\/diabetes-weblog\/wp-json\/wp\/v2\/posts\/50903\/revisions"}],"predecessor-version":[{"id":50905,"href":"https:\/\/www.diabsite.de\/diabetes-weblog\/wp-json\/wp\/v2\/posts\/50903\/revisions\/50905"}],"wp:attachment":[{"href":"https:\/\/www.diabsite.de\/diabetes-weblog\/wp-json\/wp\/v2\/media?parent=50903"}],"wp:term":[{"taxonomy":"category","embeddable":true,"href":"https:\/\/www.diabsite.de\/diabetes-weblog\/wp-json\/wp\/v2\/categories?post=50903"},{"taxonomy":"post_tag","embeddable":true,"href":"https:\/\/www.diabsite.de\/diabetes-weblog\/wp-json\/wp\/v2\/tags?post=50903"}],"curies":[{"name":"wp","href":"https:\/\/api.w.org\/{rel}","templated":true}]}}