{"id":50195,"date":"2019-02-20T18:41:22","date_gmt":"2019-02-20T17:41:22","guid":{"rendered":"http:\/\/www.diabsite.de\/diabetes-weblog\/?p=50195"},"modified":"2019-02-20T21:56:00","modified_gmt":"2019-02-20T20:56:00","slug":"fasching-fastelovend-fasnet-und-co","status":"publish","type":"post","link":"https:\/\/www.diabsite.de\/diabetes-weblog\/2019\/02\/20\/fasching-fastelovend-fasnet-und-co\/","title":{"rendered":"Fasching, Fastelovend, Fasnet und Co."},"content":{"rendered":"<p><a href=\"https:\/\/www.diabsite.de\/aktuelles\/nachrichten\/2019\/190220.html\" target=\"_blank\" class=\"ds\" title=\"zur Nachricht (neues Fenster)\"><img loading=\"lazy\" decoding=\"async\" class=\"alignright\" src=\"https:\/\/www.diabsite.de\/diabetes-weblog\/wp-content\/images\/2019\/190220.jpg\" width=\"120\" height=\"155\" alt=\"Professor Dr. med. Thomas Haak\" \/><\/a><br \/>\nMit Diabetes die &#8222;f\u00fcnfte Jahreszeit&#8220; feiern: N\u00e4chste Woche beginnt am Schwerdonnerstag, den 28.&nbsp;Februar&nbsp;2019, mit dem Stra\u00dfenkarneval der H\u00f6hepunkt der &#8222;f\u00fcnften Jahreszeit&#8220;: Am n\u00e4rrischen Treiben der Rosenmontagsz\u00fcge und Kappensitzungen werden sicherlich auch viele Menschen mit den chronischen Stoffwechselerkrankungen Diabetes Typ&nbsp;1 oder Typ&nbsp;2 teilnehmen. Dabei sind alkoholische Getr\u00e4nke oder S\u00fc\u00dfigkeiten grunds\u00e4tzlich erlaubt. Betroffene sollten bei Alkohol und Kamelle jedoch ihren Konsum und ihren Blutzuckerspiegel im Auge behalten, um eine m\u00f6gliche Stoffwechselentgleisung zu vermeiden. Dazu r\u00e4t die gemeinn\u00fctzige Organisation diabetesDE&nbsp;&#8211; Deutsche Diabetes-Hilfe. Denn eine Unterzuckerung kann auch ohne vorherige Symptome wie Schwei\u00dfausbr\u00fcche, Schw\u00e4che oder Verhaltensst\u00f6rungen zur Bewusstlosigkeit f\u00fchren. <a href=\"https:\/\/www.diabsite.de\/aktuelles\/nachrichten\/2019\/190220.html\" target=\"_blank\" class=\"ds\" title=\"zur Nachricht (neues Fenster)\">Nachricht lesen<\/a><\/p>\n","protected":false},"excerpt":{"rendered":"<p>Mit Diabetes die &#8222;f\u00fcnfte Jahreszeit&#8220; feiern: N\u00e4chste Woche beginnt am Schwerdonnerstag, den 28.&nbsp;Februar&nbsp;2019, mit dem Stra\u00dfenkarneval der H\u00f6hepunkt der &#8222;f\u00fcnften Jahreszeit&#8220;: Am n\u00e4rrischen Treiben der Rosenmontagsz\u00fcge und Kappensitzungen werden sicherlich auch viele Menschen mit den chronischen Stoffwechselerkrankungen Diabetes Typ&nbsp;1 oder Typ&nbsp;2 teilnehmen. Dabei sind alkoholische Getr\u00e4nke oder S\u00fc\u00dfigkeiten grunds\u00e4tzlich erlaubt. Betroffene sollten bei Alkohol und [&hellip;]<\/p>\n","protected":false},"author":4,"featured_media":0,"comment_status":"open","ping_status":"closed","sticky":false,"template":"","format":"standard","meta":{"footnotes":""},"categories":[2],"tags":[24,1212,9178,9177,4601,1210,512],"_links":{"self":[{"href":"https:\/\/www.diabsite.de\/diabetes-weblog\/wp-json\/wp\/v2\/posts\/50195"}],"collection":[{"href":"https:\/\/www.diabsite.de\/diabetes-weblog\/wp-json\/wp\/v2\/posts"}],"about":[{"href":"https:\/\/www.diabsite.de\/diabetes-weblog\/wp-json\/wp\/v2\/types\/post"}],"author":[{"embeddable":true,"href":"https:\/\/www.diabsite.de\/diabetes-weblog\/wp-json\/wp\/v2\/users\/4"}],"replies":[{"embeddable":true,"href":"https:\/\/www.diabsite.de\/diabetes-weblog\/wp-json\/wp\/v2\/comments?post=50195"}],"version-history":[{"count":3,"href":"https:\/\/www.diabsite.de\/diabetes-weblog\/wp-json\/wp\/v2\/posts\/50195\/revisions"}],"predecessor-version":[{"id":50198,"href":"https:\/\/www.diabsite.de\/diabetes-weblog\/wp-json\/wp\/v2\/posts\/50195\/revisions\/50198"}],"wp:attachment":[{"href":"https:\/\/www.diabsite.de\/diabetes-weblog\/wp-json\/wp\/v2\/media?parent=50195"}],"wp:term":[{"taxonomy":"category","embeddable":true,"href":"https:\/\/www.diabsite.de\/diabetes-weblog\/wp-json\/wp\/v2\/categories?post=50195"},{"taxonomy":"post_tag","embeddable":true,"href":"https:\/\/www.diabsite.de\/diabetes-weblog\/wp-json\/wp\/v2\/tags?post=50195"}],"curies":[{"name":"wp","href":"https:\/\/api.w.org\/{rel}","templated":true}]}}