{"id":49981,"date":"2019-01-26T18:41:13","date_gmt":"2019-01-26T17:41:13","guid":{"rendered":"http:\/\/www.diabsite.de\/diabetes-weblog\/?p=49981"},"modified":"2019-01-28T20:01:06","modified_gmt":"2019-01-28T19:01:06","slug":"veranstaltungen-zum-thema-diabetes-4","status":"publish","type":"post","link":"https:\/\/www.diabsite.de\/diabetes-weblog\/2019\/01\/26\/veranstaltungen-zum-thema-diabetes-4\/","title":{"rendered":"Veranstaltungen zum Thema Diabetes"},"content":{"rendered":"<p>Sie m\u00f6chten sich \u00fcber neue Entwicklungen in der Diabetologie informieren oder mit anderen Diabetikern zum Erfahrungsaustausch treffen? Im <a href=\"https:\/\/www.diabsite.de\/aktuelles\/termine\/index.html\" target=\"_blank\" class=\"ds\" title=\"neues Fenster\">Diabetes-Kalender<\/a> der DiabSite finden Patienten und medizinische Fachkr\u00e4fte Veranstaltungen zum Thema. Heute haben wir folgende Beispiele f\u00fcr Sie ausgew\u00e4hlt:<\/p>\n<p>&#8211; 04.02.2019 &#8211; <strong>Bocholt<\/strong> &#8211; Erfahrungsaustausch Diabetes evtl. Vortrag<br \/>\n&#8211; 05.02.2019 &#8211; <strong>M\u00fcnnerstadt<\/strong> &#8211; Diabetes und Depression<br \/>\n&#8211; 07.02.2019 &#8211; <strong>Brandenburg<\/strong> &#8211; S\u00fc\u00dfes R\u00e4tsel rund um den Zucker<\/p>\n<p>Geh\u00f6ren Sie zu den Organisatoren von Diabetikertreffen, Symposien oder Kongressen tragen Sie Ihre Veranstaltung einfach in unser <a href=\"https:\/\/www.diabsite.de\/aktuelles\/termine\/termin-eintragen.html\" target=\"_blank\" class=\"ds\" title=\"neues Fenster\">Formular<\/a> ein. Gerne ver\u00f6ffentlichen wir sie gratis, weil uns Fortbildung und Erfahrungsaustausch wichtig sind.<\/p>\n","protected":false},"excerpt":{"rendered":"<p>Sie m\u00f6chten sich \u00fcber neue Entwicklungen in der Diabetologie informieren oder mit anderen Diabetikern zum Erfahrungsaustausch treffen? Im Diabetes-Kalender der DiabSite finden Patienten und medizinische Fachkr\u00e4fte Veranstaltungen zum Thema. Heute haben wir folgende Beispiele f\u00fcr Sie ausgew\u00e4hlt: &#8211; 04.02.2019 &#8211; Bocholt &#8211; Erfahrungsaustausch Diabetes evtl. Vortrag &#8211; 05.02.2019 &#8211; M\u00fcnnerstadt &#8211; Diabetes und Depression &#8211; [&hellip;]<\/p>\n","protected":false},"author":4,"featured_media":0,"comment_status":"open","ping_status":"closed","sticky":false,"template":"","format":"standard","meta":{"footnotes":""},"categories":[1],"tags":[24,30,908,3119,47,9080,292],"_links":{"self":[{"href":"https:\/\/www.diabsite.de\/diabetes-weblog\/wp-json\/wp\/v2\/posts\/49981"}],"collection":[{"href":"https:\/\/www.diabsite.de\/diabetes-weblog\/wp-json\/wp\/v2\/posts"}],"about":[{"href":"https:\/\/www.diabsite.de\/diabetes-weblog\/wp-json\/wp\/v2\/types\/post"}],"author":[{"embeddable":true,"href":"https:\/\/www.diabsite.de\/diabetes-weblog\/wp-json\/wp\/v2\/users\/4"}],"replies":[{"embeddable":true,"href":"https:\/\/www.diabsite.de\/diabetes-weblog\/wp-json\/wp\/v2\/comments?post=49981"}],"version-history":[{"count":2,"href":"https:\/\/www.diabsite.de\/diabetes-weblog\/wp-json\/wp\/v2\/posts\/49981\/revisions"}],"predecessor-version":[{"id":49983,"href":"https:\/\/www.diabsite.de\/diabetes-weblog\/wp-json\/wp\/v2\/posts\/49981\/revisions\/49983"}],"wp:attachment":[{"href":"https:\/\/www.diabsite.de\/diabetes-weblog\/wp-json\/wp\/v2\/media?parent=49981"}],"wp:term":[{"taxonomy":"category","embeddable":true,"href":"https:\/\/www.diabsite.de\/diabetes-weblog\/wp-json\/wp\/v2\/categories?post=49981"},{"taxonomy":"post_tag","embeddable":true,"href":"https:\/\/www.diabsite.de\/diabetes-weblog\/wp-json\/wp\/v2\/tags?post=49981"}],"curies":[{"name":"wp","href":"https:\/\/api.w.org\/{rel}","templated":true}]}}