{"id":49926,"date":"2019-01-18T16:50:50","date_gmt":"2019-01-18T15:50:50","guid":{"rendered":"http:\/\/www.diabsite.de\/diabetes-weblog\/?p=49926"},"modified":"2019-01-18T21:05:46","modified_gmt":"2019-01-18T20:05:46","slug":"haeufigkeit-von-diabetes-mellitus-in-krankenhaeusern-unterschaetzt","status":"publish","type":"post","link":"https:\/\/www.diabsite.de\/diabetes-weblog\/2019\/01\/18\/haeufigkeit-von-diabetes-mellitus-in-krankenhaeusern-unterschaetzt\/","title":{"rendered":"H\u00e4ufigkeit von Diabetes mellitus in Krankenh\u00e4usern untersch\u00e4tzt"},"content":{"rendered":"<p><a href=\"https:\/\/www.diabsite.de\/aktuelles\/nachrichten\/2019\/190118.html\" target=\"_blank\" class=\"ds\" title=\"zur Nachricht (neues Fenster)\"><img loading=\"lazy\" decoding=\"async\" class=\"alignright\" src=\"https:\/\/www.diabsite.de\/diabetes-weblog\/wp-content\/images\/2019\/190118.jpg\" width=\"120\" height=\"159\" alt=\"Professor Dr. med. Baptist Gallwitz\" \/><\/a> Es werden mehr Diabetespatienten station\u00e4r versorgt als bislang angenommen: Offizielle Statistiken zu Diabetes mellitus in deutschen Krankenh\u00e4usern erfassen aufgrund methodischer Schw\u00e4chen nicht das wirkliche Ausma\u00df der Erkrankung. Auch Diabetes als Todesursache wird offenbar weitestgehend untersch\u00e4tzt. Das gibt der Fachbeirat Diabetes des Ministeriums f\u00fcr Soziales und Integration Baden-W\u00fcrttemberg jetzt in einer aktuellen <a href=\"https:\/\/www.gesundheitsdialog-bw.de\/fileadmin\/media\/Verabschiedete_Stellungnahme_stationaere_Diabetologie_Fachbeirat_Diabetes.pdf\" target=\"_blank\" class=\"extern\" title=\"neues Fenster\">Stellungnahme<\/a> bekannt. Dabei bezieht er sich auf eine systematische Untersuchung am Universit\u00e4tsklinikum T\u00fcbingen. Diese zeigt, dass tats\u00e4chlich doppelt so viele Patienten mit Diabetes in baden-w\u00fcrttembergischen Kliniken versorgt werden als bislang angenommen. Die Deutsche Diabetes Gesellschaft&nbsp;(DDG) warnt daher vor einem Mangel an diabetologischem Fachpersonal und finanziellen K\u00fcrzungen in diesem Bereich. <a href=\"https:\/\/www.diabsite.de\/aktuelles\/nachrichten\/2019\/190118.html\" target=\"_blank\" class=\"ds\" title=\"zur Nachricht (neues Fenster)\">Nachricht lesen<\/a><\/p>\n","protected":false},"excerpt":{"rendered":"<p>Es werden mehr Diabetespatienten station\u00e4r versorgt als bislang angenommen: Offizielle Statistiken zu Diabetes mellitus in deutschen Krankenh\u00e4usern erfassen aufgrund methodischer Schw\u00e4chen nicht das wirkliche Ausma\u00df der Erkrankung. Auch Diabetes als Todesursache wird offenbar weitestgehend untersch\u00e4tzt. Das gibt der Fachbeirat Diabetes des Ministeriums f\u00fcr Soziales und Integration Baden-W\u00fcrttemberg jetzt in einer aktuellen Stellungnahme bekannt. Dabei bezieht [&hellip;]<\/p>\n","protected":false},"author":4,"featured_media":0,"comment_status":"open","ping_status":"closed","sticky":false,"template":"","format":"standard","meta":{"footnotes":""},"categories":[2],"tags":[806,528,733,9064,9065,43,4577],"_links":{"self":[{"href":"https:\/\/www.diabsite.de\/diabetes-weblog\/wp-json\/wp\/v2\/posts\/49926"}],"collection":[{"href":"https:\/\/www.diabsite.de\/diabetes-weblog\/wp-json\/wp\/v2\/posts"}],"about":[{"href":"https:\/\/www.diabsite.de\/diabetes-weblog\/wp-json\/wp\/v2\/types\/post"}],"author":[{"embeddable":true,"href":"https:\/\/www.diabsite.de\/diabetes-weblog\/wp-json\/wp\/v2\/users\/4"}],"replies":[{"embeddable":true,"href":"https:\/\/www.diabsite.de\/diabetes-weblog\/wp-json\/wp\/v2\/comments?post=49926"}],"version-history":[{"count":2,"href":"https:\/\/www.diabsite.de\/diabetes-weblog\/wp-json\/wp\/v2\/posts\/49926\/revisions"}],"predecessor-version":[{"id":49928,"href":"https:\/\/www.diabsite.de\/diabetes-weblog\/wp-json\/wp\/v2\/posts\/49926\/revisions\/49928"}],"wp:attachment":[{"href":"https:\/\/www.diabsite.de\/diabetes-weblog\/wp-json\/wp\/v2\/media?parent=49926"}],"wp:term":[{"taxonomy":"category","embeddable":true,"href":"https:\/\/www.diabsite.de\/diabetes-weblog\/wp-json\/wp\/v2\/categories?post=49926"},{"taxonomy":"post_tag","embeddable":true,"href":"https:\/\/www.diabsite.de\/diabetes-weblog\/wp-json\/wp\/v2\/tags?post=49926"}],"curies":[{"name":"wp","href":"https:\/\/api.w.org\/{rel}","templated":true}]}}