{"id":49920,"date":"2019-01-17T18:43:52","date_gmt":"2019-01-17T17:43:52","guid":{"rendered":"http:\/\/www.diabsite.de\/diabetes-weblog\/?p=49920"},"modified":"2019-01-17T19:54:38","modified_gmt":"2019-01-17T18:54:38","slug":"diabetesde-startet-mitmach-aktion-eineportion","status":"publish","type":"post","link":"https:\/\/www.diabsite.de\/diabetes-weblog\/2019\/01\/17\/diabetesde-startet-mitmach-aktion-eineportion\/","title":{"rendered":"diabetesDE startet Mitmach-Aktion #eineportion"},"content":{"rendered":"<p><a href=\"https:\/\/www.diabsite.de\/aktuelles\/nachrichten\/2019\/190117.html\" target=\"_blank\" class=\"ds\" title=\"zur Nachricht (neues Fenster)\"><img loading=\"lazy\" decoding=\"async\" class=\"alignright\" src=\"https:\/\/www.diabsite.de\/diabetes-weblog\/wp-content\/images\/2019\/190117.jpg\" width=\"120\" height=\"164\" alt=\"Nicole Mattig-Fabian\" \/><\/a> Irref\u00fchrende Portionsgr\u00f6\u00dfen auf verpackten Lebensmitteln in der Kritik: Bei vielen verpackten Lebensmitteln erleben Verbraucher eine \u00dcberraschung, vergleichen sie eine nach Augenma\u00df bemessene Portion mit der empfohlenen Portionsgr\u00f6\u00dfe auf den Verpackungen. W\u00e4hrend die angegebene Portionsgr\u00f6\u00dfe auf der Verpackung oft verf\u00fchrerisch niedrige Werte f\u00fcr Zucker, Fett und Kalorien ausweist &#8211;&nbsp;weshalb Verbraucher das Lebensmittel dann auch gerne kaufen&nbsp;&#8211; erweisen sich zuhause realistische Portionsgr\u00f6\u00dfen dann h\u00e4ufig als wahre Kalorienbomben. Das sind insbesondere f\u00fcr Menschen mit Diabetes Typ&nbsp;2 und Personen mit einem hohen Risiko f\u00fcr Stoffwechselerkrankungen gef\u00e4hrliche Fehlanreize. diabetesDE&nbsp;&#8211; Deutsche Diabetes-Hilfe hat daher die Mitmach-Aktion #eineportion gestartet und ruft Interessierte dazu auf, bis zum 5.&nbsp;Februar&nbsp;2019 absurde &#8222;empfohlene&#8220; und realistische Portionsgr\u00f6\u00dfen zu fotografieren, auf ihrer pers\u00f6nlichen oder der Facebook-Seite von diabetesDE zu teilen und dabei den Hashtag #eineportion zu verwenden. <a href=\"https:\/\/www.diabsite.de\/aktuelles\/nachrichten\/2019\/190117.html\" target=\"_blank\" class=\"ds\" title=\"zur Nachricht (neues Fenster)\">Nachricht lesen<\/a><\/p>\n","protected":false},"excerpt":{"rendered":"<p>Irref\u00fchrende Portionsgr\u00f6\u00dfen auf verpackten Lebensmitteln in der Kritik: Bei vielen verpackten Lebensmitteln erleben Verbraucher eine \u00dcberraschung, vergleichen sie eine nach Augenma\u00df bemessene Portion mit der empfohlenen Portionsgr\u00f6\u00dfe auf den Verpackungen. W\u00e4hrend die angegebene Portionsgr\u00f6\u00dfe auf der Verpackung oft verf\u00fchrerisch niedrige Werte f\u00fcr Zucker, Fett und Kalorien ausweist &#8211;&nbsp;weshalb Verbraucher das Lebensmittel dann auch gerne kaufen&nbsp;&#8211; [&hellip;]<\/p>\n","protected":false},"author":4,"featured_media":0,"comment_status":"open","ping_status":"closed","sticky":false,"template":"","format":"standard","meta":{"footnotes":""},"categories":[2],"tags":[],"_links":{"self":[{"href":"https:\/\/www.diabsite.de\/diabetes-weblog\/wp-json\/wp\/v2\/posts\/49920"}],"collection":[{"href":"https:\/\/www.diabsite.de\/diabetes-weblog\/wp-json\/wp\/v2\/posts"}],"about":[{"href":"https:\/\/www.diabsite.de\/diabetes-weblog\/wp-json\/wp\/v2\/types\/post"}],"author":[{"embeddable":true,"href":"https:\/\/www.diabsite.de\/diabetes-weblog\/wp-json\/wp\/v2\/users\/4"}],"replies":[{"embeddable":true,"href":"https:\/\/www.diabsite.de\/diabetes-weblog\/wp-json\/wp\/v2\/comments?post=49920"}],"version-history":[{"count":2,"href":"https:\/\/www.diabsite.de\/diabetes-weblog\/wp-json\/wp\/v2\/posts\/49920\/revisions"}],"predecessor-version":[{"id":49922,"href":"https:\/\/www.diabsite.de\/diabetes-weblog\/wp-json\/wp\/v2\/posts\/49920\/revisions\/49922"}],"wp:attachment":[{"href":"https:\/\/www.diabsite.de\/diabetes-weblog\/wp-json\/wp\/v2\/media?parent=49920"}],"wp:term":[{"taxonomy":"category","embeddable":true,"href":"https:\/\/www.diabsite.de\/diabetes-weblog\/wp-json\/wp\/v2\/categories?post=49920"},{"taxonomy":"post_tag","embeddable":true,"href":"https:\/\/www.diabsite.de\/diabetes-weblog\/wp-json\/wp\/v2\/tags?post=49920"}],"curies":[{"name":"wp","href":"https:\/\/api.w.org\/{rel}","templated":true}]}}