{"id":49866,"date":"2019-01-12T17:37:34","date_gmt":"2019-01-12T16:37:34","guid":{"rendered":"http:\/\/www.diabsite.de\/diabetes-weblog\/?p=49866"},"modified":"2019-01-14T18:33:32","modified_gmt":"2019-01-14T17:33:32","slug":"diabetes-kalender-fuer-diabetiker-und-medizinisches-fachpersonal","status":"publish","type":"post","link":"https:\/\/www.diabsite.de\/diabetes-weblog\/2019\/01\/12\/diabetes-kalender-fuer-diabetiker-und-medizinisches-fachpersonal\/","title":{"rendered":"Diabetes-Kalender f\u00fcr Diabetiker und medizinisches Fachpersonal"},"content":{"rendered":"<p>Fachleute und Patienten informieren sich \u00fcber Veranstaltungen auf der DiabSite. Denn hier finden sie Treffen f\u00fcr Diabetiker ebenso wie Kongresse und Symposien f\u00fcr \u00c4rzte, Diabetesberaterinnen und andere Fachleute aus der Diabetologie. Exemplarisch stellen wir Ihnen heute wieder drei Termine vor.<\/p>\n<p>&#8211; 16.01.2019 &#8211; <strong>M\u00fcnchen<\/strong> &#8211; Gespr\u00e4chskreis f\u00fcr Eltern von Kindern mit Diabetes<br \/>\n&#8211; 18.01.2019 &#8211; <strong>Osnabr\u00fcck<\/strong> &#8211; Diabetiker-Stammtisch in Osnabr\u00fcck<br \/>\n&#8211; 25\\. bis 26.01.2019 &#8211; <strong>Berlin<\/strong> &#8211; DiaTec &#8211; Telemedizin<\/p>\n<p>Haben wir Ihr Interesse geweckt? Dann sind Sie herzlich eingeladen, in unserem <a href=\"https:\/\/www.diabsite.de\/aktuelles\/termine\/index.html\" target=\"_blank\" class=\"ds\" title=\"neues Fenster\">Diabetes-Kalender<\/a>  zu st\u00f6bern. Der bietet n\u00e4mlich noch mehr Termine&nbsp;&#8211; vielleicht sogar einen in Ihrer N\u00e4he. Da das Schneechaos Teile S\u00fcddeutschlands fest im Griff hat, informieren Sie sich dort bitte, ob der Termin wirklich stattfindet.<\/p>\n","protected":false},"excerpt":{"rendered":"<p>Fachleute und Patienten informieren sich \u00fcber Veranstaltungen auf der DiabSite. Denn hier finden sie Treffen f\u00fcr Diabetiker ebenso wie Kongresse und Symposien f\u00fcr \u00c4rzte, Diabetesberaterinnen und andere Fachleute aus der Diabetologie. Exemplarisch stellen wir Ihnen heute wieder drei Termine vor. &#8211; 16.01.2019 &#8211; M\u00fcnchen &#8211; Gespr\u00e4chskreis f\u00fcr Eltern von Kindern mit Diabetes &#8211; 18.01.2019 &#8211; [&hellip;]<\/p>\n","protected":false},"author":4,"featured_media":0,"comment_status":"open","ping_status":"closed","sticky":false,"template":"","format":"standard","meta":{"footnotes":""},"categories":[1],"tags":[726,106,9057,30,2951,6398,9058],"_links":{"self":[{"href":"https:\/\/www.diabsite.de\/diabetes-weblog\/wp-json\/wp\/v2\/posts\/49866"}],"collection":[{"href":"https:\/\/www.diabsite.de\/diabetes-weblog\/wp-json\/wp\/v2\/posts"}],"about":[{"href":"https:\/\/www.diabsite.de\/diabetes-weblog\/wp-json\/wp\/v2\/types\/post"}],"author":[{"embeddable":true,"href":"https:\/\/www.diabsite.de\/diabetes-weblog\/wp-json\/wp\/v2\/users\/4"}],"replies":[{"embeddable":true,"href":"https:\/\/www.diabsite.de\/diabetes-weblog\/wp-json\/wp\/v2\/comments?post=49866"}],"version-history":[{"count":5,"href":"https:\/\/www.diabsite.de\/diabetes-weblog\/wp-json\/wp\/v2\/posts\/49866\/revisions"}],"predecessor-version":[{"id":49873,"href":"https:\/\/www.diabsite.de\/diabetes-weblog\/wp-json\/wp\/v2\/posts\/49866\/revisions\/49873"}],"wp:attachment":[{"href":"https:\/\/www.diabsite.de\/diabetes-weblog\/wp-json\/wp\/v2\/media?parent=49866"}],"wp:term":[{"taxonomy":"category","embeddable":true,"href":"https:\/\/www.diabsite.de\/diabetes-weblog\/wp-json\/wp\/v2\/categories?post=49866"},{"taxonomy":"post_tag","embeddable":true,"href":"https:\/\/www.diabsite.de\/diabetes-weblog\/wp-json\/wp\/v2\/tags?post=49866"}],"curies":[{"name":"wp","href":"https:\/\/api.w.org\/{rel}","templated":true}]}}